{"id":18734,"date":"2025-11-07T17:15:15","date_gmt":"2025-11-07T23:15:15","guid":{"rendered":"https:\/\/alcierrenoticias.com\/?p=18734"},"modified":"2025-11-11T14:07:33","modified_gmt":"2025-11-11T20:07:33","slug":"moderniza-gobierno-de-valenciano-infraestructura-vial-en-calles-decima-y-14-sur","status":"publish","type":"post","link":"https:\/\/alcierrenoticias.com\/index.php\/2025\/11\/07\/moderniza-gobierno-de-valenciano-infraestructura-vial-en-calles-decima-y-14-sur\/","title":{"rendered":"Moderniza Gobierno de Valenciano infraestructura vial en calles D\u00e9cima y 14 Sur."},"content":{"rendered":"<p>El Gobierno Municipal de Delicias, a trav\u00e9s de la Direcci\u00f3n de Obras P\u00fablicas, dio inicio a los trabajos de pavimentaci\u00f3n asf\u00e1ltica y rehabilitaci\u00f3n de servicios b\u00e1sicos en la calle D\u00e9cima Sur, entre avenida R\u00edo San Pedro Sur y avenida 16 Sur, as\u00ed como en la avenida 14 Sur, entre avenida R\u00edo San Pedro Sur y calle Novena Sur, con una inversi\u00f3n total de m\u00e1s de 5 millones 700 mil pesos.<\/p>\n<p>El director de Obras P\u00fablicas, Alfonso Rodr\u00edguez Porras, inform\u00f3 que esta obra contempla una intervenci\u00f3n completa que incluye la rehabilitaci\u00f3n de la red de agua potable, la construcci\u00f3n de redes de drenaje sanitario y la instalaci\u00f3n de alumbrado p\u00fablico, con el prop\u00f3sito de garantizar infraestructura segura, eficiente y de larga duraci\u00f3n para las familias del sector sur de la ciudad.<\/p>\n<p>Rodr\u00edguez Porras destac\u00f3 que los trabajos abarcan una superficie de 5 mil 175.90 metros cuadrados, en una zona que durante a\u00f1os hab\u00eda presentado deterioro considerable en su carpeta asf\u00e1ltica y deficiencias en los servicios subterr\u00e1neos. \u201cEsta es una obra integral que no solo mejora la vialidad, sino que tambi\u00e9n atiende las necesidades b\u00e1sicas de los vecinos y fortalece el desarrollo urbano del \u00e1rea\u201d, se\u00f1al\u00f3.<\/p>\n<p>El funcionario explic\u00f3 que estas acciones forman parte del plan de infraestructura impulsado por el presidente municipal Jes\u00fas Valenciano Garc\u00eda, quien ha instruido atender de manera prioritaria las colonias del sur, donde se concentran varios proyectos de rehabilitaci\u00f3n vial, drenaje y alumbrado.<\/p>\n<p>Finalmente, Rodr\u00edguez Porras destac\u00f3 que el Gobierno Municipal contin\u00faa avanzando con obras que elevan la calidad de vida de los habitantes. \u201cCon esta intervenci\u00f3n, no solo se mejora la movilidad, sino que se modernizan los servicios p\u00fablicos, ofreciendo calles seguras, bien iluminadas y funcionales para todos\u201d, concluy\u00f3.<\/p>\n","protected":false},"excerpt":{"rendered":"<p>El Gobierno Municipal de Delicias, a trav\u00e9s de la Direcci\u00f3n de Obras P\u00fablicas, dio inicio a los trabajos de pavimentaci\u00f3n asf\u00e1ltica y rehabilitaci\u00f3n de servicios b\u00e1sicos en la calle D\u00e9cima Sur, entre avenida R\u00edo San Pedro Sur y avenida 16 Sur, as\u00ed como en la avenida 14 Sur, entre avenida R\u00edo San Pedro Sur y calle Novena Sur, con una inversi\u00f3n total de m\u00e1s de 5 millones 700 mil pesos. El director de Obras P\u00fablicas, Alfonso Rodr\u00edguez Porras, inform\u00f3 que esta obra contempla una intervenci\u00f3n completa que incluye la rehabilitaci\u00f3n de la red de agua potable, la construcci\u00f3n de redes de drenaje sanitario y la instalaci\u00f3n de alumbrado p\u00fablico, con el prop\u00f3sito de garantizar infraestructura segura, eficiente y de larga duraci\u00f3n para las familias del sector sur de la ciudad. Rodr\u00edguez Porras destac\u00f3 que los trabajos abarcan una superficie de 5 mil 175.90 metros cuadrados, en una zona que durante a\u00f1os hab\u00eda presentado deterioro considerable en su carpeta asf\u00e1ltica y deficiencias en los servicios subterr\u00e1neos. \u201cEsta es una obra integral que no solo mejora la vialidad, sino que tambi\u00e9n atiende las necesidades b\u00e1sicas de los vecinos y fortalece el desarrollo urbano del \u00e1rea\u201d, se\u00f1al\u00f3. El funcionario explic\u00f3 que estas acciones forman parte del plan de infraestructura impulsado por el presidente municipal Jes\u00fas Valenciano Garc\u00eda, quien ha instruido atender de manera prioritaria las colonias del sur, donde se concentran varios proyectos de rehabilitaci\u00f3n vial, drenaje y alumbrado. Finalmente, Rodr\u00edguez Porras destac\u00f3 que el Gobierno Municipal contin\u00faa avanzando con obras que elevan la calidad de vida de los habitantes. \u201cCon esta intervenci\u00f3n, no solo se mejora la movilidad, sino que se modernizan los servicios p\u00fablicos, ofreciendo calles seguras, bien iluminadas y funcionales para todos\u201d, concluy\u00f3.<\/p>\n","protected":false},"author":2,"featured_media":18735,"comment_status":"open","ping_status":"open","sticky":false,"template":"","format":"standard","meta":{"_monsterinsights_skip_tracking":false,"_monsterinsights_sitenote_active":false,"_monsterinsights_sitenote_note":"","_monsterinsights_sitenote_category":0,"advanced_seo_description":"","jetpack_seo_html_title":"","jetpack_seo_noindex":false,"_jetpack_memberships_contains_paid_content":false,"footnotes":"","jetpack_publicize_message":"","jetpack_publicize_feature_enabled":true,"jetpack_social_post_already_shared":true,"jetpack_social_options":{"image_generator_settings":{"template":"highway","enabled":false},"version":2}},"categories":[135,7,11],"tags":[],"class_list":["post-18734","post","type-post","status-publish","format-standard","has-post-thumbnail","hentry","category-lo-mas-leido","category-local","category-principal"],"jetpack_publicize_connections":[],"jetpack_sharing_enabled":true,"jetpack_featured_media_url":"https:\/\/i0.wp.com\/alcierrenoticias.com\/wp-content\/uploads\/2025\/11\/WhatsApp-Image-2025-11-07-at-5.08.22-PM.jpeg?fit=1600%2C1200&ssl=1","amp_enabled":true,"_links":{"self":[{"href":"https:\/\/alcierrenoticias.com\/index.php\/wp-json\/wp\/v2\/posts\/18734","targetHints":{"allow":["GET"]}}],"collection":[{"href":"https:\/\/alcierrenoticias.com\/index.php\/wp-json\/wp\/v2\/posts"}],"about":[{"href":"https:\/\/alcierrenoticias.com\/index.php\/wp-json\/wp\/v2\/types\/post"}],"author":[{"embeddable":true,"href":"https:\/\/alcierrenoticias.com\/index.php\/wp-json\/wp\/v2\/users\/2"}],"replies":[{"embeddable":true,"href":"https:\/\/alcierrenoticias.com\/index.php\/wp-json\/wp\/v2\/comments?post=18734"}],"version-history":[{"count":2,"href":"https:\/\/alcierrenoticias.com\/index.php\/wp-json\/wp\/v2\/posts\/18734\/revisions"}],"predecessor-version":[{"id":18737,"href":"https:\/\/alcierrenoticias.com\/index.php\/wp-json\/wp\/v2\/posts\/18734\/revisions\/18737"}],"wp:featuredmedia":[{"embeddable":true,"href":"https:\/\/alcierrenoticias.com\/index.php\/wp-json\/wp\/v2\/media\/18735"}],"wp:attachment":[{"href":"https:\/\/alcierrenoticias.com\/index.php\/wp-json\/wp\/v2\/media?parent=18734"}],"wp:term":[{"taxonomy":"category","embeddable":true,"href":"https:\/\/alcierrenoticias.com\/index.php\/wp-json\/wp\/v2\/categories?post=18734"},{"taxonomy":"post_tag","embeddable":true,"href":"https:\/\/alcierrenoticias.com\/index.php\/wp-json\/wp\/v2\/tags?post=18734"}],"curies":[{"name":"wp","href":"https:\/\/api.w.org\/{rel}","templated":true}]}}