{"id":18730,"date":"2025-11-07T16:55:32","date_gmt":"2025-11-07T22:55:32","guid":{"rendered":"https:\/\/alcierrenoticias.com\/?p=18730"},"modified":"2025-11-11T14:03:54","modified_gmt":"2025-11-11T20:03:54","slug":"gracias-por-nunca-soltarnos-de-la-mano-madres-de-familia-de-los-reyes-agradecen-al-alcalde-jorge-aldana-y-al-gobierno-del-estado-por-la-entrega-de-utiles-escolares","status":"publish","type":"post","link":"https:\/\/alcierrenoticias.com\/index.php\/2025\/11\/07\/gracias-por-nunca-soltarnos-de-la-mano-madres-de-familia-de-los-reyes-agradecen-al-alcalde-jorge-aldana-y-al-gobierno-del-estado-por-la-entrega-de-utiles-escolares\/","title":{"rendered":"\u201cGracias por nunca soltarnos de la mano\u201d: madres de familia de Los Reyes agradecen al alcalde Jorge Aldana y al Gobierno del Estado por la entrega de \u00fatiles escolares."},"content":{"rendered":"<p>Madres y padres de familia de la comunidad de Los Reyes expresaron su agradecimiento al presidente municipal Jorge Aldana y al Gobierno del Estado por la entrega de \u00fatiles escolares en las escuelas de la zona, apoyo que beneficia directamente a las ni\u00f1as y ni\u00f1os del sector rural.<\/p>\n<p>La se\u00f1ora Johana Magdaleno, madre de familia, destac\u00f3 la importancia de este respaldo para las familias de la comunidad:<br \/>\n\u201cEstamos muy agradecidos por el apoyo brindado y que no nos suelten de la mano, siempre est\u00e1n ah\u00ed apoy\u00e1ndonos\u201d, expres\u00f3.<\/p>\n<p>Estas acciones forman parte del compromiso del Gobierno Municipal y Estatal de continuar impulsando la educaci\u00f3n en cada rinc\u00f3n de Camargo, garantizando que las y los estudiantes cuenten con las herramientas necesarias para su desarrollo acad\u00e9mico.<\/p>\n<p>Con este tipo de apoyos, se fortalece la colaboraci\u00f3n entre autoridades y familias, reafirmando el trabajo conjunto por una mejor educaci\u00f3n para las ni\u00f1as y ni\u00f1os camarguenses.<\/p>\n","protected":false},"excerpt":{"rendered":"<p>Madres y padres de familia de la comunidad de Los Reyes expresaron su agradecimiento al presidente municipal Jorge Aldana y al Gobierno del Estado por la entrega de \u00fatiles escolares en las escuelas de la zona, apoyo que beneficia directamente a las ni\u00f1as y ni\u00f1os del sector rural. La se\u00f1ora Johana Magdaleno, madre de familia, destac\u00f3 la importancia de este respaldo para las familias de la comunidad: \u201cEstamos muy agradecidos por el apoyo brindado y que no nos suelten de la mano, siempre est\u00e1n ah\u00ed apoy\u00e1ndonos\u201d, expres\u00f3. Estas acciones forman parte del compromiso del Gobierno Municipal y Estatal de continuar impulsando la educaci\u00f3n en cada rinc\u00f3n de Camargo, garantizando que las y los estudiantes cuenten con las herramientas necesarias para su desarrollo acad\u00e9mico. Con este tipo de apoyos, se fortalece la colaboraci\u00f3n entre autoridades y familias, reafirmando el trabajo conjunto por una mejor educaci\u00f3n para las ni\u00f1as y ni\u00f1os camarguenses.<\/p>\n","protected":false},"author":2,"featured_media":18731,"comment_status":"open","ping_status":"open","sticky":false,"template":"","format":"standard","meta":{"_monsterinsights_skip_tracking":false,"_monsterinsights_sitenote_active":false,"_monsterinsights_sitenote_note":"","_monsterinsights_sitenote_category":0,"advanced_seo_description":"","jetpack_seo_html_title":"","jetpack_seo_noindex":false,"_jetpack_memberships_contains_paid_content":false,"footnotes":"","jetpack_publicize_message":"","jetpack_publicize_feature_enabled":true,"jetpack_social_post_already_shared":true,"jetpack_social_options":{"image_generator_settings":{"template":"highway","enabled":false},"version":2}},"categories":[8,135,11],"tags":[],"class_list":["post-18730","post","type-post","status-publish","format-standard","has-post-thumbnail","hentry","category-estado","category-lo-mas-leido","category-principal"],"jetpack_publicize_connections":[],"jetpack_sharing_enabled":true,"jetpack_featured_media_url":"https:\/\/i0.wp.com\/alcierrenoticias.com\/wp-content\/uploads\/2025\/11\/WhatsApp-Image-2025-11-07-at-4.51.34-PM.jpeg?fit=1600%2C1066&ssl=1","amp_enabled":true,"_links":{"self":[{"href":"https:\/\/alcierrenoticias.com\/index.php\/wp-json\/wp\/v2\/posts\/18730","targetHints":{"allow":["GET"]}}],"collection":[{"href":"https:\/\/alcierrenoticias.com\/index.php\/wp-json\/wp\/v2\/posts"}],"about":[{"href":"https:\/\/alcierrenoticias.com\/index.php\/wp-json\/wp\/v2\/types\/post"}],"author":[{"embeddable":true,"href":"https:\/\/alcierrenoticias.com\/index.php\/wp-json\/wp\/v2\/users\/2"}],"replies":[{"embeddable":true,"href":"https:\/\/alcierrenoticias.com\/index.php\/wp-json\/wp\/v2\/comments?post=18730"}],"version-history":[{"count":1,"href":"https:\/\/alcierrenoticias.com\/index.php\/wp-json\/wp\/v2\/posts\/18730\/revisions"}],"predecessor-version":[{"id":18732,"href":"https:\/\/alcierrenoticias.com\/index.php\/wp-json\/wp\/v2\/posts\/18730\/revisions\/18732"}],"wp:featuredmedia":[{"embeddable":true,"href":"https:\/\/alcierrenoticias.com\/index.php\/wp-json\/wp\/v2\/media\/18731"}],"wp:attachment":[{"href":"https:\/\/alcierrenoticias.com\/index.php\/wp-json\/wp\/v2\/media?parent=18730"}],"wp:term":[{"taxonomy":"category","embeddable":true,"href":"https:\/\/alcierrenoticias.com\/index.php\/wp-json\/wp\/v2\/categories?post=18730"},{"taxonomy":"post_tag","embeddable":true,"href":"https:\/\/alcierrenoticias.com\/index.php\/wp-json\/wp\/v2\/tags?post=18730"}],"curies":[{"name":"wp","href":"https:\/\/api.w.org\/{rel}","templated":true}]}}