{"id":18665,"date":"2025-11-05T20:26:02","date_gmt":"2025-11-06T02:26:02","guid":{"rendered":"https:\/\/alcierrenoticias.com\/?p=18665"},"modified":"2025-11-05T22:52:10","modified_gmt":"2025-11-06T04:52:10","slug":"gracias-a-la-vision-de-la-gobernadora-maru-campos-mas-de-6-mil-ninas-y-ninos-recibiran-utiles-escolares-en-camargo-jorge-aldana","status":"publish","type":"post","link":"https:\/\/alcierrenoticias.com\/index.php\/2025\/11\/05\/gracias-a-la-vision-de-la-gobernadora-maru-campos-mas-de-6-mil-ninas-y-ninos-recibiran-utiles-escolares-en-camargo-jorge-aldana\/","title":{"rendered":"Gracias a la visi\u00f3n de la Gobernadora Maru Campos, m\u00e1s de 6 mil ni\u00f1as y ni\u00f1os recibir\u00e1n \u00fatiles escolares en Camargo: Jorge Aldana."},"content":{"rendered":"<p>El presidente municipal Jorge Aldana anunci\u00f3 que, gracias al compromiso y visi\u00f3n de la gobernadora del estado, Maru Campos, m\u00e1s de 6 mil ni\u00f1as y ni\u00f1os de Camargo recibir\u00e1n \u00fatiles escolares para este nuevo ciclo educativo.<\/p>\n<p>El alcalde destac\u00f3 que este importante apoyo representa un gran respaldo para la econom\u00eda de las familias camarguenses, ya que reduce los gastos escolares y permite que las y los estudiantes cuenten con las herramientas necesarias para continuar con su formaci\u00f3n acad\u00e9mica.<\/p>\n<p>\u201cGracias a la visi\u00f3n y al esfuerzo de nuestra gobernadora Maru Campos, hoy podemos decir que m\u00e1s de 6 mil ni\u00f1as y ni\u00f1os de Camargo tendr\u00e1n sus \u00fatiles escolares. Con esta entrega se reafirma el compromiso de trabajar por y para las familias, apoyando su econom\u00eda y fortaleciendo la educaci\u00f3n\u201d, se\u00f1al\u00f3 Aldana.<\/p>\n<p>Asimismo, el presidente municipal agradeci\u00f3 a la Secretar\u00eda de Educaci\u00f3n del Gobierno del Estado por mantener una coordinaci\u00f3n constante y efectiva con el Gobierno Municipal de Camargo, lo que ha permitido que programas como este lleguen a quienes m\u00e1s lo necesitan.<\/p>\n<p>Con acciones como esta, el Gobierno del Estado y el Gobierno Municipal contin\u00faan construyendo un futuro con m\u00e1s oportunidades para la ni\u00f1ez camarguense, impulsando la educaci\u00f3n como base del desarrollo social.<\/p>\n","protected":false},"excerpt":{"rendered":"<p>El presidente municipal Jorge Aldana anunci\u00f3 que, gracias al compromiso y visi\u00f3n de la gobernadora del estado, Maru Campos, m\u00e1s de 6 mil ni\u00f1as y ni\u00f1os de Camargo recibir\u00e1n \u00fatiles escolares para este nuevo ciclo educativo. El alcalde destac\u00f3 que este importante apoyo representa un gran respaldo para la econom\u00eda de las familias camarguenses, ya que reduce los gastos escolares y permite que las y los estudiantes cuenten con las herramientas necesarias para continuar con su formaci\u00f3n acad\u00e9mica. \u201cGracias a la visi\u00f3n y al esfuerzo de nuestra gobernadora Maru Campos, hoy podemos decir que m\u00e1s de 6 mil ni\u00f1as y ni\u00f1os de Camargo tendr\u00e1n sus \u00fatiles escolares. Con esta entrega se reafirma el compromiso de trabajar por y para las familias, apoyando su econom\u00eda y fortaleciendo la educaci\u00f3n\u201d, se\u00f1al\u00f3 Aldana. Asimismo, el presidente municipal agradeci\u00f3 a la Secretar\u00eda de Educaci\u00f3n del Gobierno del Estado por mantener una coordinaci\u00f3n constante y efectiva con el Gobierno Municipal de Camargo, lo que ha permitido que programas como este lleguen a quienes m\u00e1s lo necesitan. Con acciones como esta, el Gobierno del Estado y el Gobierno Municipal contin\u00faan construyendo un futuro con m\u00e1s oportunidades para la ni\u00f1ez camarguense, impulsando la educaci\u00f3n como base del desarrollo social.<\/p>\n","protected":false},"author":2,"featured_media":18666,"comment_status":"open","ping_status":"open","sticky":false,"template":"","format":"standard","meta":{"_monsterinsights_skip_tracking":false,"_monsterinsights_sitenote_active":false,"_monsterinsights_sitenote_note":"","_monsterinsights_sitenote_category":0,"advanced_seo_description":"","jetpack_seo_html_title":"","jetpack_seo_noindex":false,"_jetpack_memberships_contains_paid_content":false,"footnotes":"","jetpack_publicize_message":"","jetpack_publicize_feature_enabled":true,"jetpack_social_post_already_shared":true,"jetpack_social_options":{"image_generator_settings":{"template":"highway","enabled":false},"version":2}},"categories":[8,135,11],"tags":[],"class_list":["post-18665","post","type-post","status-publish","format-standard","has-post-thumbnail","hentry","category-estado","category-lo-mas-leido","category-principal"],"jetpack_publicize_connections":[],"jetpack_sharing_enabled":true,"jetpack_featured_media_url":"https:\/\/i0.wp.com\/alcierrenoticias.com\/wp-content\/uploads\/2025\/11\/WhatsApp-Image-2025-11-05-at-8.16.09-PM.jpeg?fit=1500%2C1000&ssl=1","amp_enabled":true,"_links":{"self":[{"href":"https:\/\/alcierrenoticias.com\/index.php\/wp-json\/wp\/v2\/posts\/18665","targetHints":{"allow":["GET"]}}],"collection":[{"href":"https:\/\/alcierrenoticias.com\/index.php\/wp-json\/wp\/v2\/posts"}],"about":[{"href":"https:\/\/alcierrenoticias.com\/index.php\/wp-json\/wp\/v2\/types\/post"}],"author":[{"embeddable":true,"href":"https:\/\/alcierrenoticias.com\/index.php\/wp-json\/wp\/v2\/users\/2"}],"replies":[{"embeddable":true,"href":"https:\/\/alcierrenoticias.com\/index.php\/wp-json\/wp\/v2\/comments?post=18665"}],"version-history":[{"count":1,"href":"https:\/\/alcierrenoticias.com\/index.php\/wp-json\/wp\/v2\/posts\/18665\/revisions"}],"predecessor-version":[{"id":18667,"href":"https:\/\/alcierrenoticias.com\/index.php\/wp-json\/wp\/v2\/posts\/18665\/revisions\/18667"}],"wp:featuredmedia":[{"embeddable":true,"href":"https:\/\/alcierrenoticias.com\/index.php\/wp-json\/wp\/v2\/media\/18666"}],"wp:attachment":[{"href":"https:\/\/alcierrenoticias.com\/index.php\/wp-json\/wp\/v2\/media?parent=18665"}],"wp:term":[{"taxonomy":"category","embeddable":true,"href":"https:\/\/alcierrenoticias.com\/index.php\/wp-json\/wp\/v2\/categories?post=18665"},{"taxonomy":"post_tag","embeddable":true,"href":"https:\/\/alcierrenoticias.com\/index.php\/wp-json\/wp\/v2\/tags?post=18665"}],"curies":[{"name":"wp","href":"https:\/\/api.w.org\/{rel}","templated":true}]}}