{"id":18657,"date":"2025-11-05T17:38:51","date_gmt":"2025-11-05T23:38:51","guid":{"rendered":"https:\/\/alcierrenoticias.com\/?p=18657"},"modified":"2025-11-05T22:41:52","modified_gmt":"2025-11-06T04:41:52","slug":"arranca-en-meoqui-programa-escuelas-positivas-con-capacitacion-a-maestros-de-primaria","status":"publish","type":"post","link":"https:\/\/alcierrenoticias.com\/index.php\/2025\/11\/05\/arranca-en-meoqui-programa-escuelas-positivas-con-capacitacion-a-maestros-de-primaria\/","title":{"rendered":"Arranca en Meoqui programa \u201cEscuelas Positivas\u201d con capacitaci\u00f3n a maestros de primaria."},"content":{"rendered":"<p>Buscan fortalecer la salud mental y la educaci\u00f3n emocional en coordinaci\u00f3n con E-LAB<\/p>\n<p>Con la participaci\u00f3n de docentes, directivos y padres de familia de diez escuelas primarias del municipio, el Gobierno Municipal de Meoqui dio inicio al programa \u201cEscuelas Positivas\u201d, en coordinaci\u00f3n con el Laboratorio de Pol\u00edticas Educativas, donde participaron 10 escuelas de nivel primaria, estando trabajando con directores, docentes y padres de familia, con el objetivo de promover la educaci\u00f3n emocional, el bienestar y la salud mental dentro de los entornos escolares.<\/p>\n<p>Zenyith P\u00e9rez, directora de Desarrollo Social, destac\u00f3 que este proyecto es el resultado del convenio firmado por la alcaldesa Miriam Soto con la instituci\u00f3n, como parte de las acciones del municipio dentro de la iniciativa Ciudades Familiarmente Sostenibles, se\u00f1alando que el compromiso de la Administraci\u00f3n municipal, ha sido impulsar pol\u00edticas familiares y educativas que fomenten el desarrollo integral de ni\u00f1as, ni\u00f1os y adolescentes en ambientes seguros y saludables.<\/p>\n<p>Por su parte, Diana Sandoval Ruiz, directora del programa Escuelas Positivas, explic\u00f3 que esta iniciativa se basa en las recomendaciones de la UNESCO sobre educaci\u00f3n para la paz, los derechos humanos y el desarrollo sostenible, e integra un enfoque de corresponsabilidad entre gobiernos, escuelas y familias.<\/p>\n<p>\u201cLa educaci\u00f3n necesita el compromiso de todos los sectores. Hoy sabemos que el 8% de ni\u00f1as y ni\u00f1os y el 15% de adolescentes padecen trastornos de salud mental, y que la tercera causa de muerte en j\u00f3venes de 15 a 29 a\u00f1os es el suicidio. Esto no puede seguir pasando; por eso impulsamos este programa, para brindar herramientas que atiendan la salud mental y promuevan espacios seguros en las escuelas\u201d, se\u00f1al\u00f3.<\/p>\n<p>La especialista detall\u00f3 que el programa incluye la capacitaci\u00f3n de comit\u00e9s municipales y escolares en educaci\u00f3n positiva, as\u00ed como la realizaci\u00f3n de diagn\u00f3sticos en cada plantel para identificar problem\u00e1ticas espec\u00edficas y definir estrategias de intervenci\u00f3n: \u201cEste es solo el primer paso. Una vez que contemos con los diagn\u00f3sticos, podremos trabajar en temas de salud mental, prevenci\u00f3n de la violencia y fortalecimiento emocional con el apoyo de especialistas y autoridades locales\u201d, concluy\u00f3.<\/p>\n","protected":false},"excerpt":{"rendered":"<p>Buscan fortalecer la salud mental y la educaci\u00f3n emocional en coordinaci\u00f3n con E-LAB Con la participaci\u00f3n de docentes, directivos y padres de familia de diez escuelas primarias del municipio, el Gobierno Municipal de Meoqui dio inicio al programa \u201cEscuelas Positivas\u201d, en coordinaci\u00f3n con el Laboratorio de Pol\u00edticas Educativas, donde participaron 10 escuelas de nivel primaria, estando trabajando con directores, docentes y padres de familia, con el objetivo de promover la educaci\u00f3n emocional, el bienestar y la salud mental dentro de los entornos escolares. Zenyith P\u00e9rez, directora de Desarrollo Social, destac\u00f3 que este proyecto es el resultado del convenio firmado por la alcaldesa Miriam Soto con la instituci\u00f3n, como parte de las acciones del municipio dentro de la iniciativa Ciudades Familiarmente Sostenibles, se\u00f1alando que el compromiso de la Administraci\u00f3n municipal, ha sido impulsar pol\u00edticas familiares y educativas que fomenten el desarrollo integral de ni\u00f1as, ni\u00f1os y adolescentes en ambientes seguros y saludables. Por su parte, Diana Sandoval Ruiz, directora del programa Escuelas Positivas, explic\u00f3 que esta iniciativa se basa en las recomendaciones de la UNESCO sobre educaci\u00f3n para la paz, los derechos humanos y el desarrollo sostenible, e integra un enfoque de corresponsabilidad entre gobiernos, escuelas y familias. \u201cLa educaci\u00f3n necesita el compromiso de todos los sectores. Hoy sabemos que el 8% de ni\u00f1as y ni\u00f1os y el 15% de adolescentes padecen trastornos de salud mental, y que la tercera causa de muerte en j\u00f3venes de 15 a 29 a\u00f1os es el suicidio. Esto no puede seguir pasando; por eso impulsamos este programa, para brindar herramientas que atiendan la salud mental y promuevan espacios seguros en las escuelas\u201d, se\u00f1al\u00f3. La especialista detall\u00f3 que el programa incluye la capacitaci\u00f3n de comit\u00e9s municipales y escolares en educaci\u00f3n positiva, as\u00ed como la realizaci\u00f3n de diagn\u00f3sticos en cada plantel para identificar problem\u00e1ticas espec\u00edficas y definir estrategias de intervenci\u00f3n: \u201cEste es solo el primer paso. Una vez que contemos con los diagn\u00f3sticos, podremos trabajar en temas de salud mental, prevenci\u00f3n de la violencia y fortalecimiento emocional con el apoyo de especialistas y autoridades locales\u201d, concluy\u00f3.<\/p>\n","protected":false},"author":2,"featured_media":18658,"comment_status":"open","ping_status":"open","sticky":false,"template":"","format":"standard","meta":{"_monsterinsights_skip_tracking":false,"_monsterinsights_sitenote_active":false,"_monsterinsights_sitenote_note":"","_monsterinsights_sitenote_category":0,"advanced_seo_description":"","jetpack_seo_html_title":"","jetpack_seo_noindex":false,"_jetpack_memberships_contains_paid_content":false,"footnotes":"","jetpack_publicize_message":"","jetpack_publicize_feature_enabled":true,"jetpack_social_post_already_shared":true,"jetpack_social_options":{"image_generator_settings":{"template":"highway","enabled":false},"version":2}},"categories":[135,7,11],"tags":[],"class_list":["post-18657","post","type-post","status-publish","format-standard","has-post-thumbnail","hentry","category-lo-mas-leido","category-local","category-principal"],"jetpack_publicize_connections":[],"jetpack_sharing_enabled":true,"jetpack_featured_media_url":"https:\/\/i0.wp.com\/alcierrenoticias.com\/wp-content\/uploads\/2025\/11\/WhatsApp-Image-2025-11-05-at-5.21.06-PM.jpeg?fit=1280%2C853&ssl=1","amp_enabled":true,"_links":{"self":[{"href":"https:\/\/alcierrenoticias.com\/index.php\/wp-json\/wp\/v2\/posts\/18657","targetHints":{"allow":["GET"]}}],"collection":[{"href":"https:\/\/alcierrenoticias.com\/index.php\/wp-json\/wp\/v2\/posts"}],"about":[{"href":"https:\/\/alcierrenoticias.com\/index.php\/wp-json\/wp\/v2\/types\/post"}],"author":[{"embeddable":true,"href":"https:\/\/alcierrenoticias.com\/index.php\/wp-json\/wp\/v2\/users\/2"}],"replies":[{"embeddable":true,"href":"https:\/\/alcierrenoticias.com\/index.php\/wp-json\/wp\/v2\/comments?post=18657"}],"version-history":[{"count":2,"href":"https:\/\/alcierrenoticias.com\/index.php\/wp-json\/wp\/v2\/posts\/18657\/revisions"}],"predecessor-version":[{"id":18660,"href":"https:\/\/alcierrenoticias.com\/index.php\/wp-json\/wp\/v2\/posts\/18657\/revisions\/18660"}],"wp:featuredmedia":[{"embeddable":true,"href":"https:\/\/alcierrenoticias.com\/index.php\/wp-json\/wp\/v2\/media\/18658"}],"wp:attachment":[{"href":"https:\/\/alcierrenoticias.com\/index.php\/wp-json\/wp\/v2\/media?parent=18657"}],"wp:term":[{"taxonomy":"category","embeddable":true,"href":"https:\/\/alcierrenoticias.com\/index.php\/wp-json\/wp\/v2\/categories?post=18657"},{"taxonomy":"post_tag","embeddable":true,"href":"https:\/\/alcierrenoticias.com\/index.php\/wp-json\/wp\/v2\/tags?post=18657"}],"curies":[{"name":"wp","href":"https:\/\/api.w.org\/{rel}","templated":true}]}}