{"id":18654,"date":"2025-11-05T17:27:13","date_gmt":"2025-11-05T23:27:13","guid":{"rendered":"https:\/\/alcierrenoticias.com\/?p=18654"},"modified":"2025-11-05T22:38:26","modified_gmt":"2025-11-06T04:38:26","slug":"presenta-uach-mesa-panel-sobre-la-leyenda-de-los-monitos-de-meoqui-en-la-utcam","status":"publish","type":"post","link":"https:\/\/alcierrenoticias.com\/index.php\/2025\/11\/05\/presenta-uach-mesa-panel-sobre-la-leyenda-de-los-monitos-de-meoqui-en-la-utcam\/","title":{"rendered":"Presenta UACH Mesa Panel sobre la Leyenda de Los Monitos de Meoqui en la UTCam."},"content":{"rendered":"<p>Investigadores de la Facultad de Filosof\u00eda y Letras explicaron a los alumnos sobre el fen\u00f3meno cultural y medi\u00e1tico que fue esta leyenda, as\u00ed como su importancia hist\u00f3rica para el municipio<\/p>\n<p>Docentes e investigadores de la Facultad de Filosof\u00eda y Letras de la Universidad Aut\u00f3noma de Chihuahua, llevaron a cabo un panel con los estudiantes de la Universidad Tecnol\u00f3gica de Camargo Campus Meoqui, donde conversaron sobre el fen\u00f3meno cultural y medi\u00e1tico que fue la leyenda de Los Monitos de Meoqui y la importancia hist\u00f3rica para el municipio, esto como parte del programa \u201cMisterio y Memoria: La Leyenda de los Monitos en Meoqui\u201d.<\/p>\n<p>La directora de Comunicaci\u00f3n Social, Araseli Villalobos, quien acudi\u00f3 en representaci\u00f3n de la alcaldesa Miriam Soto, destac\u00f3 el inter\u00e9s de la Administraci\u00f3n por mantener viva una historia que ha trascendido generaciones: \u201cDesde el inicio de la Administraci\u00f3n de la alcaldesa Miriam Soto, en 2021, nos propusimos fortalecer la leyenda de los Monitos de Meoqui para que no se pierda entre las nuevas generaciones, porque forma parte de lo que somos, de nuestra historia y de nuestro orgullo de ser meoquenses\u201d, expres\u00f3.<\/p>\n<p>La funcionaria record\u00f3 que fue en octubre de 1987 cuando el fot\u00f3grafo meoquense Manuel Brise\u00f1o, reportero del entonces peri\u00f3dico Novedades, public\u00f3 la primera nota sobre aquellos peque\u00f1os seres trid\u00e1ctilos de color blanco y grandes ojos que, seg\u00fan los relatos, fueron vistos jugando en una casa del Barrio Nuevo.<\/p>\n<p>\u201cDespu\u00e9s de 38 a\u00f1os, seguimos celebrando este fen\u00f3meno cultural que ha trascendido el tiempo, porque las leyendas no solo se cuentan, se viven, se comparten y se heredan\u201d, a\u00f1adi\u00f3.<\/p>\n<p>Por su parte, Julio C\u00e9sar G\u00f3mez G\u00e1ndara, coordinador de la Licenciatura y Maestr\u00eda en Historia de la UACH, destac\u00f3 la importancia de analizar este fen\u00f3meno desde una perspectiva acad\u00e9mica, ya que representa un elemento que da identidad al municipio: \u201cEs importante estudiarlo cr\u00edticamente, porque genera transmisi\u00f3n oral, fortalece la cultura y arraiga la identidad del pueblo. Adem\u00e1s, distingue a Meoqui dentro del estado de Chihuahua y se ha convertido en un referente tur\u00edstico y cultural\u201d, explic\u00f3.<\/p>\n<p>El acad\u00e9mico reconoci\u00f3 tambi\u00e9n el impulso del Gobierno Municipal encabezado por la alcaldesa Miriam Soto en materia de cultura y divulgaci\u00f3n del conocimiento: \u201cLa alcaldesa ha estado preocupada por la difusi\u00f3n del arte, la historia y la ciencia. Gracias a esta colaboraci\u00f3n institucional se logra acercar el trabajo acad\u00e9mico a la sociedad y fortalecer la identidad local\u201d, afirm\u00f3.<\/p>\n<p>Finalmente, la directora de Comunicaci\u00f3n Social extendi\u00f3 la invitaci\u00f3n a la conclusi\u00f3n de las actividades sobre la leyenda de Los Monitos este viernes con la dramatizaci\u00f3n del Audiolibro Fabularum: \u201cMonitos de Meoqui\u201d el cual se llevar\u00e1 a cabo dentro del programa \u201cPor Amor al Arte\u201d en la Explanada de la Presidencia Municipal a las 6 de la tarde.<\/p>\n","protected":false},"excerpt":{"rendered":"<p>Investigadores de la Facultad de Filosof\u00eda y Letras explicaron a los alumnos sobre el fen\u00f3meno cultural y medi\u00e1tico que fue esta leyenda, as\u00ed como su importancia hist\u00f3rica para el municipio Docentes e investigadores de la Facultad de Filosof\u00eda y Letras de la Universidad Aut\u00f3noma de Chihuahua, llevaron a cabo un panel con los estudiantes de la Universidad Tecnol\u00f3gica de Camargo Campus Meoqui, donde conversaron sobre el fen\u00f3meno cultural y medi\u00e1tico que fue la leyenda de Los Monitos de Meoqui y la importancia hist\u00f3rica para el municipio, esto como parte del programa \u201cMisterio y Memoria: La Leyenda de los Monitos en Meoqui\u201d. La directora de Comunicaci\u00f3n Social, Araseli Villalobos, quien acudi\u00f3 en representaci\u00f3n de la alcaldesa Miriam Soto, destac\u00f3 el inter\u00e9s de la Administraci\u00f3n por mantener viva una historia que ha trascendido generaciones: \u201cDesde el inicio de la Administraci\u00f3n de la alcaldesa Miriam Soto, en 2021, nos propusimos fortalecer la leyenda de los Monitos de Meoqui para que no se pierda entre las nuevas generaciones, porque forma parte de lo que somos, de nuestra historia y de nuestro orgullo de ser meoquenses\u201d, expres\u00f3. La funcionaria record\u00f3 que fue en octubre de 1987 cuando el fot\u00f3grafo meoquense Manuel Brise\u00f1o, reportero del entonces peri\u00f3dico Novedades, public\u00f3 la primera nota sobre aquellos peque\u00f1os seres trid\u00e1ctilos de color blanco y grandes ojos que, seg\u00fan los relatos, fueron vistos jugando en una casa del Barrio Nuevo. \u201cDespu\u00e9s de 38 a\u00f1os, seguimos celebrando este fen\u00f3meno cultural que ha trascendido el tiempo, porque las leyendas no solo se cuentan, se viven, se comparten y se heredan\u201d, a\u00f1adi\u00f3. Por su parte, Julio C\u00e9sar G\u00f3mez G\u00e1ndara, coordinador de la Licenciatura y Maestr\u00eda en Historia de la UACH, destac\u00f3 la importancia de analizar este fen\u00f3meno desde una perspectiva acad\u00e9mica, ya que representa un elemento que da identidad al municipio: \u201cEs importante estudiarlo cr\u00edticamente, porque genera transmisi\u00f3n oral, fortalece la cultura y arraiga la identidad del pueblo. Adem\u00e1s, distingue a Meoqui dentro del estado de Chihuahua y se ha convertido en un referente tur\u00edstico y cultural\u201d, explic\u00f3. El acad\u00e9mico reconoci\u00f3 tambi\u00e9n el impulso del Gobierno Municipal encabezado por la alcaldesa Miriam Soto en materia de cultura y divulgaci\u00f3n del conocimiento: \u201cLa alcaldesa ha estado preocupada por la difusi\u00f3n del arte, la historia y la ciencia. Gracias a esta colaboraci\u00f3n institucional se logra acercar el trabajo acad\u00e9mico a la sociedad y fortalecer la identidad local\u201d, afirm\u00f3. Finalmente, la directora de Comunicaci\u00f3n Social extendi\u00f3 la invitaci\u00f3n a la conclusi\u00f3n de las actividades sobre la leyenda de Los Monitos este viernes con la dramatizaci\u00f3n del Audiolibro Fabularum: \u201cMonitos de Meoqui\u201d el cual se llevar\u00e1 a cabo dentro del programa \u201cPor Amor al Arte\u201d en la Explanada de la Presidencia Municipal a las 6 de la tarde.<\/p>\n","protected":false},"author":2,"featured_media":18655,"comment_status":"open","ping_status":"open","sticky":false,"template":"","format":"standard","meta":{"_monsterinsights_skip_tracking":false,"_monsterinsights_sitenote_active":false,"_monsterinsights_sitenote_note":"","_monsterinsights_sitenote_category":0,"advanced_seo_description":"","jetpack_seo_html_title":"","jetpack_seo_noindex":false,"_jetpack_memberships_contains_paid_content":false,"footnotes":"","jetpack_publicize_message":"","jetpack_publicize_feature_enabled":true,"jetpack_social_post_already_shared":true,"jetpack_social_options":{"image_generator_settings":{"template":"highway","enabled":false},"version":2}},"categories":[135,7,11],"tags":[],"class_list":["post-18654","post","type-post","status-publish","format-standard","has-post-thumbnail","hentry","category-lo-mas-leido","category-local","category-principal"],"jetpack_publicize_connections":[],"jetpack_sharing_enabled":true,"jetpack_featured_media_url":"https:\/\/i0.wp.com\/alcierrenoticias.com\/wp-content\/uploads\/2025\/11\/WhatsApp-Image-2025-11-05-at-5.21.05-PM-1.jpeg?fit=1280%2C957&ssl=1","amp_enabled":true,"_links":{"self":[{"href":"https:\/\/alcierrenoticias.com\/index.php\/wp-json\/wp\/v2\/posts\/18654","targetHints":{"allow":["GET"]}}],"collection":[{"href":"https:\/\/alcierrenoticias.com\/index.php\/wp-json\/wp\/v2\/posts"}],"about":[{"href":"https:\/\/alcierrenoticias.com\/index.php\/wp-json\/wp\/v2\/types\/post"}],"author":[{"embeddable":true,"href":"https:\/\/alcierrenoticias.com\/index.php\/wp-json\/wp\/v2\/users\/2"}],"replies":[{"embeddable":true,"href":"https:\/\/alcierrenoticias.com\/index.php\/wp-json\/wp\/v2\/comments?post=18654"}],"version-history":[{"count":1,"href":"https:\/\/alcierrenoticias.com\/index.php\/wp-json\/wp\/v2\/posts\/18654\/revisions"}],"predecessor-version":[{"id":18656,"href":"https:\/\/alcierrenoticias.com\/index.php\/wp-json\/wp\/v2\/posts\/18654\/revisions\/18656"}],"wp:featuredmedia":[{"embeddable":true,"href":"https:\/\/alcierrenoticias.com\/index.php\/wp-json\/wp\/v2\/media\/18655"}],"wp:attachment":[{"href":"https:\/\/alcierrenoticias.com\/index.php\/wp-json\/wp\/v2\/media?parent=18654"}],"wp:term":[{"taxonomy":"category","embeddable":true,"href":"https:\/\/alcierrenoticias.com\/index.php\/wp-json\/wp\/v2\/categories?post=18654"},{"taxonomy":"post_tag","embeddable":true,"href":"https:\/\/alcierrenoticias.com\/index.php\/wp-json\/wp\/v2\/tags?post=18654"}],"curies":[{"name":"wp","href":"https:\/\/api.w.org\/{rel}","templated":true}]}}