{"id":18643,"date":"2025-11-05T10:04:13","date_gmt":"2025-11-05T16:04:13","guid":{"rendered":"https:\/\/alcierrenoticias.com\/?p=18643"},"modified":"2025-11-05T22:09:25","modified_gmt":"2025-11-06T04:09:25","slug":"se-modifica-el-turno-de-la-ley-general-de-aguas-por-propuesta-de-tony-melendez","status":"publish","type":"post","link":"https:\/\/alcierrenoticias.com\/index.php\/2025\/11\/05\/se-modifica-el-turno-de-la-ley-general-de-aguas-por-propuesta-de-tony-melendez\/","title":{"rendered":"Se modifica el turno de la ley general de aguas por propuesta de Tony Mel\u00e9ndez."},"content":{"rendered":"<p>El diputado Juan Antonio Mel\u00e9ndez Ortega celebr\u00f3 que se haya modificado el turno de la Iniciativa con proyecto de decreto por el que se expide la Ley General de Aguas, presentada por la doctora Claudia Sheinbaum Pardo, presidenta de los Estados Unidos Mexicanos, el pasado 14 de octubre de 2025.<\/p>\n<p>La Mesa Directiva de la C\u00e1mara de Diputados determin\u00f3 incorporar a la Comisi\u00f3n de Ganader\u00eda dentro de las comisiones que emitir\u00e1n opini\u00f3n, junto con las Comisiones de Presupuesto y Cuenta P\u00fablica, y de Desarrollo y Conservaci\u00f3n Rural, Agr\u00edcola y Autosuficiencia Alimentaria, adem\u00e1s de turnar el proyecto para dictamen a la Comisi\u00f3n de Recursos Hidr\u00e1ulicos, Agua Potable y Saneamiento.<\/p>\n<p>El diputado Mel\u00e9ndez destac\u00f3 que esta modificaci\u00f3n responde a la propuesta que present\u00f3 ante la Presidencia de la Comisi\u00f3n de Ganader\u00eda, en la que argument\u00f3 la importancia de incluir al sector ganadero dentro del an\u00e1lisis de la nueva Ley General de Aguas, debido a su impacto directo en la producci\u00f3n pecuaria, el aprovechamiento de recursos naturales y la seguridad alimentaria del pa\u00eds.<\/p>\n<p>\u201cNos alegra que se haya tomado en cuenta nuestra propuesta. La ganader\u00eda mexicana depende del acceso responsable al agua, y este tema no pod\u00eda quedar fuera de la discusi\u00f3n nacional. Es un paso importante para que la voz del campo y del productor sea escuchada\u201d, se\u00f1al\u00f3 el legislador chihuahuense.<\/p>\n<p>Con esta decisi\u00f3n, la C\u00e1mara de Diputados reconoce la relevancia del sector ganadero en la gesti\u00f3n del recurso h\u00eddrico y garantiza que su perspectiva ser\u00e1 considerada en la construcci\u00f3n de una legislaci\u00f3n m\u00e1s justa, integral y sostenible.<\/p>\n","protected":false},"excerpt":{"rendered":"<p>El diputado Juan Antonio Mel\u00e9ndez Ortega celebr\u00f3 que se haya modificado el turno de la Iniciativa con proyecto de decreto por el que se expide la Ley General de Aguas, presentada por la doctora Claudia Sheinbaum Pardo, presidenta de los Estados Unidos Mexicanos, el pasado 14 de octubre de 2025. La Mesa Directiva de la C\u00e1mara de Diputados determin\u00f3 incorporar a la Comisi\u00f3n de Ganader\u00eda dentro de las comisiones que emitir\u00e1n opini\u00f3n, junto con las Comisiones de Presupuesto y Cuenta P\u00fablica, y de Desarrollo y Conservaci\u00f3n Rural, Agr\u00edcola y Autosuficiencia Alimentaria, adem\u00e1s de turnar el proyecto para dictamen a la Comisi\u00f3n de Recursos Hidr\u00e1ulicos, Agua Potable y Saneamiento. El diputado Mel\u00e9ndez destac\u00f3 que esta modificaci\u00f3n responde a la propuesta que present\u00f3 ante la Presidencia de la Comisi\u00f3n de Ganader\u00eda, en la que argument\u00f3 la importancia de incluir al sector ganadero dentro del an\u00e1lisis de la nueva Ley General de Aguas, debido a su impacto directo en la producci\u00f3n pecuaria, el aprovechamiento de recursos naturales y la seguridad alimentaria del pa\u00eds. \u201cNos alegra que se haya tomado en cuenta nuestra propuesta. La ganader\u00eda mexicana depende del acceso responsable al agua, y este tema no pod\u00eda quedar fuera de la discusi\u00f3n nacional. Es un paso importante para que la voz del campo y del productor sea escuchada\u201d, se\u00f1al\u00f3 el legislador chihuahuense. Con esta decisi\u00f3n, la C\u00e1mara de Diputados reconoce la relevancia del sector ganadero en la gesti\u00f3n del recurso h\u00eddrico y garantiza que su perspectiva ser\u00e1 considerada en la construcci\u00f3n de una legislaci\u00f3n m\u00e1s justa, integral y sostenible.<\/p>\n","protected":false},"author":2,"featured_media":18644,"comment_status":"open","ping_status":"open","sticky":false,"template":"","format":"standard","meta":{"_monsterinsights_skip_tracking":false,"_monsterinsights_sitenote_active":false,"_monsterinsights_sitenote_note":"","_monsterinsights_sitenote_category":0,"advanced_seo_description":"","jetpack_seo_html_title":"","jetpack_seo_noindex":false,"_jetpack_memberships_contains_paid_content":false,"footnotes":"","jetpack_publicize_message":"","jetpack_publicize_feature_enabled":true,"jetpack_social_post_already_shared":true,"jetpack_social_options":{"image_generator_settings":{"template":"highway","enabled":false},"version":2}},"categories":[135,7,11],"tags":[],"class_list":["post-18643","post","type-post","status-publish","format-standard","has-post-thumbnail","hentry","category-lo-mas-leido","category-local","category-principal"],"jetpack_publicize_connections":[],"jetpack_sharing_enabled":true,"jetpack_featured_media_url":"https:\/\/i0.wp.com\/alcierrenoticias.com\/wp-content\/uploads\/2025\/11\/WhatsApp-Image-2025-11-05-at-9.58.27-AM.jpeg?fit=1280%2C853&ssl=1","amp_enabled":true,"_links":{"self":[{"href":"https:\/\/alcierrenoticias.com\/index.php\/wp-json\/wp\/v2\/posts\/18643","targetHints":{"allow":["GET"]}}],"collection":[{"href":"https:\/\/alcierrenoticias.com\/index.php\/wp-json\/wp\/v2\/posts"}],"about":[{"href":"https:\/\/alcierrenoticias.com\/index.php\/wp-json\/wp\/v2\/types\/post"}],"author":[{"embeddable":true,"href":"https:\/\/alcierrenoticias.com\/index.php\/wp-json\/wp\/v2\/users\/2"}],"replies":[{"embeddable":true,"href":"https:\/\/alcierrenoticias.com\/index.php\/wp-json\/wp\/v2\/comments?post=18643"}],"version-history":[{"count":1,"href":"https:\/\/alcierrenoticias.com\/index.php\/wp-json\/wp\/v2\/posts\/18643\/revisions"}],"predecessor-version":[{"id":18645,"href":"https:\/\/alcierrenoticias.com\/index.php\/wp-json\/wp\/v2\/posts\/18643\/revisions\/18645"}],"wp:featuredmedia":[{"embeddable":true,"href":"https:\/\/alcierrenoticias.com\/index.php\/wp-json\/wp\/v2\/media\/18644"}],"wp:attachment":[{"href":"https:\/\/alcierrenoticias.com\/index.php\/wp-json\/wp\/v2\/media?parent=18643"}],"wp:term":[{"taxonomy":"category","embeddable":true,"href":"https:\/\/alcierrenoticias.com\/index.php\/wp-json\/wp\/v2\/categories?post=18643"},{"taxonomy":"post_tag","embeddable":true,"href":"https:\/\/alcierrenoticias.com\/index.php\/wp-json\/wp\/v2\/tags?post=18643"}],"curies":[{"name":"wp","href":"https:\/\/api.w.org\/{rel}","templated":true}]}}