{"id":18639,"date":"2025-11-04T19:38:56","date_gmt":"2025-11-05T01:38:56","guid":{"rendered":"https:\/\/alcierrenoticias.com\/?p=18639"},"modified":"2025-11-04T22:44:24","modified_gmt":"2025-11-05T04:44:24","slug":"dif-municipal-invita-al-festival-artistico-cultural-a-beneficio-del-radio-teleton-2025-este-miercoles-5-de-nov-en-el-teatro","status":"publish","type":"post","link":"https:\/\/alcierrenoticias.com\/index.php\/2025\/11\/04\/dif-municipal-invita-al-festival-artistico-cultural-a-beneficio-del-radio-teleton-2025-este-miercoles-5-de-nov-en-el-teatro\/","title":{"rendered":"DIF Municipal invita al Festival Art\u00edstico Cultural a beneficio del Radio Telet\u00f3n 2025 este Mi\u00e9rcoles 5 de Nov en el Teatro."},"content":{"rendered":"<p>El DIF Municipal de Camargo invita a todas y todos los camarguenses a disfrutar del Festival Art\u00edstico Cultural del -Radio Telet\u00f3n 2025, un evento lleno de talento, m\u00fasica y presentaciones que tiene como objetivo recaudar fondos en apoyo a esta noble causa.<\/p>\n<p>El festival se llevar\u00e1 a cabo este mi\u00e9rcoles 5 de noviembre en el Teatro de la Ciudad, con dos funciones programadas: la primera a las 4:30 p.m. y la segunda a las 6:00 p.m.. El costo del boleto es de $50 pesos, y pueden adquirirse en las oficinas del DIF Municipal, ubicadas en la calle Col\u00f3n y Comonfort s\/n, colonia Centro.<\/p>\n<p>Todo lo recaudado durante el evento ser\u00e1 destinado al Radio Telet\u00f3n 2025, que busca seguir brindando apoyo a quienes m\u00e1s lo necesitan mediante programas de atenci\u00f3n y asistencia social.<\/p>\n<p>El DIF Municipal, en coordinaci\u00f3n con instituciones educativas, organizaciones y grupos culturales, ha preparado una serie de presentaciones art\u00edsticas para ofrecer un espect\u00e1culo lleno de color, talento y solidaridad.<\/p>\n<p>\u201cInvitamos a las familias de Camargo a sumarse a este esfuerzo y disfrutar de un evento pensado para todas las edades. Cada boleto representa un granito de arena para continuar ayudando a quienes m\u00e1s lo necesitan\u201d, se\u00f1alaron integrantes del DIF Municipal.<\/p>\n<p>El Festival Art\u00edstico Cultural contar\u00e1 con la participaci\u00f3n de escuelas, academias de danza y colectivos locales que se unen de manera voluntaria al esfuerzo del Radio Telet\u00f3n 2025, reafirmando el compromiso social que distingue a nuestro municipio.<\/p>\n","protected":false},"excerpt":{"rendered":"<p>El DIF Municipal de Camargo invita a todas y todos los camarguenses a disfrutar del Festival Art\u00edstico Cultural del -Radio Telet\u00f3n 2025, un evento lleno de talento, m\u00fasica y presentaciones que tiene como objetivo recaudar fondos en apoyo a esta noble causa. El festival se llevar\u00e1 a cabo este mi\u00e9rcoles 5 de noviembre en el Teatro de la Ciudad, con dos funciones programadas: la primera a las 4:30 p.m. y la segunda a las 6:00 p.m.. El costo del boleto es de $50 pesos, y pueden adquirirse en las oficinas del DIF Municipal, ubicadas en la calle Col\u00f3n y Comonfort s\/n, colonia Centro. Todo lo recaudado durante el evento ser\u00e1 destinado al Radio Telet\u00f3n 2025, que busca seguir brindando apoyo a quienes m\u00e1s lo necesitan mediante programas de atenci\u00f3n y asistencia social. El DIF Municipal, en coordinaci\u00f3n con instituciones educativas, organizaciones y grupos culturales, ha preparado una serie de presentaciones art\u00edsticas para ofrecer un espect\u00e1culo lleno de color, talento y solidaridad. \u201cInvitamos a las familias de Camargo a sumarse a este esfuerzo y disfrutar de un evento pensado para todas las edades. Cada boleto representa un granito de arena para continuar ayudando a quienes m\u00e1s lo necesitan\u201d, se\u00f1alaron integrantes del DIF Municipal. El Festival Art\u00edstico Cultural contar\u00e1 con la participaci\u00f3n de escuelas, academias de danza y colectivos locales que se unen de manera voluntaria al esfuerzo del Radio Telet\u00f3n 2025, reafirmando el compromiso social que distingue a nuestro municipio.<\/p>\n","protected":false},"author":2,"featured_media":18640,"comment_status":"open","ping_status":"open","sticky":false,"template":"","format":"standard","meta":{"_monsterinsights_skip_tracking":false,"_monsterinsights_sitenote_active":false,"_monsterinsights_sitenote_note":"","_monsterinsights_sitenote_category":0,"advanced_seo_description":"","jetpack_seo_html_title":"","jetpack_seo_noindex":false,"_jetpack_memberships_contains_paid_content":false,"footnotes":"","jetpack_publicize_message":"","jetpack_publicize_feature_enabled":true,"jetpack_social_post_already_shared":true,"jetpack_social_options":{"image_generator_settings":{"template":"highway","enabled":false},"version":2}},"categories":[8,135,11],"tags":[],"class_list":["post-18639","post","type-post","status-publish","format-standard","has-post-thumbnail","hentry","category-estado","category-lo-mas-leido","category-principal"],"jetpack_publicize_connections":[],"jetpack_sharing_enabled":true,"jetpack_featured_media_url":"https:\/\/i0.wp.com\/alcierrenoticias.com\/wp-content\/uploads\/2025\/11\/WhatsApp-Image-2025-11-04-at-6.48.51-PM-e1762317813400.jpeg?fit=400%2C501&ssl=1","amp_enabled":true,"_links":{"self":[{"href":"https:\/\/alcierrenoticias.com\/index.php\/wp-json\/wp\/v2\/posts\/18639","targetHints":{"allow":["GET"]}}],"collection":[{"href":"https:\/\/alcierrenoticias.com\/index.php\/wp-json\/wp\/v2\/posts"}],"about":[{"href":"https:\/\/alcierrenoticias.com\/index.php\/wp-json\/wp\/v2\/types\/post"}],"author":[{"embeddable":true,"href":"https:\/\/alcierrenoticias.com\/index.php\/wp-json\/wp\/v2\/users\/2"}],"replies":[{"embeddable":true,"href":"https:\/\/alcierrenoticias.com\/index.php\/wp-json\/wp\/v2\/comments?post=18639"}],"version-history":[{"count":1,"href":"https:\/\/alcierrenoticias.com\/index.php\/wp-json\/wp\/v2\/posts\/18639\/revisions"}],"predecessor-version":[{"id":18641,"href":"https:\/\/alcierrenoticias.com\/index.php\/wp-json\/wp\/v2\/posts\/18639\/revisions\/18641"}],"wp:featuredmedia":[{"embeddable":true,"href":"https:\/\/alcierrenoticias.com\/index.php\/wp-json\/wp\/v2\/media\/18640"}],"wp:attachment":[{"href":"https:\/\/alcierrenoticias.com\/index.php\/wp-json\/wp\/v2\/media?parent=18639"}],"wp:term":[{"taxonomy":"category","embeddable":true,"href":"https:\/\/alcierrenoticias.com\/index.php\/wp-json\/wp\/v2\/categories?post=18639"},{"taxonomy":"post_tag","embeddable":true,"href":"https:\/\/alcierrenoticias.com\/index.php\/wp-json\/wp\/v2\/tags?post=18639"}],"curies":[{"name":"wp","href":"https:\/\/api.w.org\/{rel}","templated":true}]}}