{"id":18635,"date":"2025-11-04T19:06:52","date_gmt":"2025-11-05T01:06:52","guid":{"rendered":"https:\/\/alcierrenoticias.com\/?p=18635"},"modified":"2025-11-04T22:38:40","modified_gmt":"2025-11-05T04:38:40","slug":"con-apoyo-del-gobierno-del-estado-llevamos-utiles-escolares-a-la-primaria-arturo-armendariz-jorge-aldana","status":"publish","type":"post","link":"https:\/\/alcierrenoticias.com\/index.php\/2025\/11\/04\/con-apoyo-del-gobierno-del-estado-llevamos-utiles-escolares-a-la-primaria-arturo-armendariz-jorge-aldana\/","title":{"rendered":"Con apoyo del Gobierno del Estado, llevamos \u00fatiles escolares a la Primaria Arturo Armend\u00e1riz: Jorge Aldana."},"content":{"rendered":"<p>El presidente municipal Jorge Aldana visit\u00f3 la Escuela Primaria Arturo Armend\u00e1riz, donde encabez\u00f3 la entrega de \u00fatiles escolares proporcionados por la Secretar\u00eda de Educaci\u00f3n.<\/p>\n<p>Durante la entrega, el alcalde agradeci\u00f3 a la gobernadora Maru Campos por el constante apoyo al municipio y por seguir impulsando acciones que benefician directamente a las ni\u00f1as y ni\u00f1os de Camargo.<\/p>\n<p>Jorge Aldana destac\u00f3 que estos materiales escolares son un respaldo importante para las familias y una motivaci\u00f3n para que las y los estudiantes contin\u00faen con entusiasmo su formaci\u00f3n acad\u00e9mica.<\/p>\n<p>\u201cGracias al trabajo conjunto con el Gobierno del Estado, seguimos fortaleciendo la educaci\u00f3n en Camargo y apoyando la econom\u00eda de las familias\u201d, se\u00f1al\u00f3 el presidente municipal.<\/p>\n<p>Con acciones como esta, la administraci\u00f3n municipal reafirma su compromiso con la educaci\u00f3n y con el bienestar de las familias camarguenses.<\/p>\n","protected":false},"excerpt":{"rendered":"<p>El presidente municipal Jorge Aldana visit\u00f3 la Escuela Primaria Arturo Armend\u00e1riz, donde encabez\u00f3 la entrega de \u00fatiles escolares proporcionados por la Secretar\u00eda de Educaci\u00f3n. Durante la entrega, el alcalde agradeci\u00f3 a la gobernadora Maru Campos por el constante apoyo al municipio y por seguir impulsando acciones que benefician directamente a las ni\u00f1as y ni\u00f1os de Camargo. Jorge Aldana destac\u00f3 que estos materiales escolares son un respaldo importante para las familias y una motivaci\u00f3n para que las y los estudiantes contin\u00faen con entusiasmo su formaci\u00f3n acad\u00e9mica. \u201cGracias al trabajo conjunto con el Gobierno del Estado, seguimos fortaleciendo la educaci\u00f3n en Camargo y apoyando la econom\u00eda de las familias\u201d, se\u00f1al\u00f3 el presidente municipal. Con acciones como esta, la administraci\u00f3n municipal reafirma su compromiso con la educaci\u00f3n y con el bienestar de las familias camarguenses.<\/p>\n","protected":false},"author":2,"featured_media":18636,"comment_status":"open","ping_status":"open","sticky":false,"template":"","format":"standard","meta":{"_monsterinsights_skip_tracking":false,"_monsterinsights_sitenote_active":false,"_monsterinsights_sitenote_note":"","_monsterinsights_sitenote_category":0,"advanced_seo_description":"","jetpack_seo_html_title":"","jetpack_seo_noindex":false,"_jetpack_memberships_contains_paid_content":false,"footnotes":"","jetpack_publicize_message":"","jetpack_publicize_feature_enabled":true,"jetpack_social_post_already_shared":true,"jetpack_social_options":{"image_generator_settings":{"template":"highway","enabled":false},"version":2}},"categories":[8,135,11],"tags":[],"class_list":["post-18635","post","type-post","status-publish","format-standard","has-post-thumbnail","hentry","category-estado","category-lo-mas-leido","category-principal"],"jetpack_publicize_connections":[],"jetpack_sharing_enabled":true,"jetpack_featured_media_url":"https:\/\/i0.wp.com\/alcierrenoticias.com\/wp-content\/uploads\/2025\/11\/WhatsApp-Image-2025-11-04-at-6.48.46-PM.jpeg?fit=1600%2C1066&ssl=1","amp_enabled":true,"_links":{"self":[{"href":"https:\/\/alcierrenoticias.com\/index.php\/wp-json\/wp\/v2\/posts\/18635","targetHints":{"allow":["GET"]}}],"collection":[{"href":"https:\/\/alcierrenoticias.com\/index.php\/wp-json\/wp\/v2\/posts"}],"about":[{"href":"https:\/\/alcierrenoticias.com\/index.php\/wp-json\/wp\/v2\/types\/post"}],"author":[{"embeddable":true,"href":"https:\/\/alcierrenoticias.com\/index.php\/wp-json\/wp\/v2\/users\/2"}],"replies":[{"embeddable":true,"href":"https:\/\/alcierrenoticias.com\/index.php\/wp-json\/wp\/v2\/comments?post=18635"}],"version-history":[{"count":2,"href":"https:\/\/alcierrenoticias.com\/index.php\/wp-json\/wp\/v2\/posts\/18635\/revisions"}],"predecessor-version":[{"id":18638,"href":"https:\/\/alcierrenoticias.com\/index.php\/wp-json\/wp\/v2\/posts\/18635\/revisions\/18638"}],"wp:featuredmedia":[{"embeddable":true,"href":"https:\/\/alcierrenoticias.com\/index.php\/wp-json\/wp\/v2\/media\/18636"}],"wp:attachment":[{"href":"https:\/\/alcierrenoticias.com\/index.php\/wp-json\/wp\/v2\/media?parent=18635"}],"wp:term":[{"taxonomy":"category","embeddable":true,"href":"https:\/\/alcierrenoticias.com\/index.php\/wp-json\/wp\/v2\/categories?post=18635"},{"taxonomy":"post_tag","embeddable":true,"href":"https:\/\/alcierrenoticias.com\/index.php\/wp-json\/wp\/v2\/tags?post=18635"}],"curies":[{"name":"wp","href":"https:\/\/api.w.org\/{rel}","templated":true}]}}