{"id":18627,"date":"2025-11-04T14:28:11","date_gmt":"2025-11-04T20:28:11","guid":{"rendered":"https:\/\/alcierrenoticias.com\/?p=18627"},"modified":"2025-11-04T22:34:34","modified_gmt":"2025-11-05T04:34:34","slug":"invita-idea-delicias-al-taller-de-lengua-de-senas-mexicana","status":"publish","type":"post","link":"https:\/\/alcierrenoticias.com\/index.php\/2025\/11\/04\/invita-idea-delicias-al-taller-de-lengua-de-senas-mexicana\/","title":{"rendered":"Invita IDEA Delicias al Taller de Lengua de Se\u00f1as Mexicana."},"content":{"rendered":"<p>Con el objetivo de fomentar la inclusi\u00f3n y fortalecer las habilidades de comunicaci\u00f3n entre los prestadores de servicios tur\u00edsticos, el Instituto de Desarrollo Econ\u00f3mico y Agropecuario de Delicias (IDEA), a trav\u00e9s de su \u00e1rea de Turismo, invita a participar en el Taller de Lengua de Se\u00f1as Mexicana, que se realizar\u00e1 este jueves 6 de noviembre en el Museo DENI (CEDH), en un horario de 9:00 de la ma\u00f1ana a 1 de la tarde.<\/p>\n<p>La titular del \u00e1rea de Turismo en IDEA, Mara Valenzuela, inform\u00f3 que este curso forma parte de la estrategia estatal \u201cCuenta Conmigo\u201d, impulsada por la Secretar\u00eda de Turismo de Chihuahua, con la finalidad de promover un turismo m\u00e1s accesible, emp\u00e1tico y comprometido con la inclusi\u00f3n de las personas con discapacidad auditiva.<\/p>\n<p>\u201cQueremos que Delicias se distinga no solo por su hospitalidad, sino por ser una ciudad que entiende la importancia de comunicarse con todos. Este taller brindar\u00e1 herramientas para que quienes atienden al p\u00fablico aprendan lo b\u00e1sico del lenguaje de se\u00f1as y fortalezcan la atenci\u00f3n al visitante\u201d, se\u00f1al\u00f3 la entrevistada.<\/p>\n<p>La funcionaria destac\u00f3 que el taller no tiene costo y est\u00e1 dirigido a empresarios, emprendedores, servidores p\u00fablicos, estudiantes y a toda persona interesada en aprender sobre la comunicaci\u00f3n inclusiva. Los asistentes deber\u00e1n confirmar su participaci\u00f3n mediante el registro disponible en el c\u00f3digo QR que aparece en la invitaci\u00f3n oficial.<\/p>\n","protected":false},"excerpt":{"rendered":"<p>Con el objetivo de fomentar la inclusi\u00f3n y fortalecer las habilidades de comunicaci\u00f3n entre los prestadores de servicios tur\u00edsticos, el Instituto de Desarrollo Econ\u00f3mico y Agropecuario de Delicias (IDEA), a trav\u00e9s de su \u00e1rea de Turismo, invita a participar en el Taller de Lengua de Se\u00f1as Mexicana, que se realizar\u00e1 este jueves 6 de noviembre en el Museo DENI (CEDH), en un horario de 9:00 de la ma\u00f1ana a 1 de la tarde. La titular del \u00e1rea de Turismo en IDEA, Mara Valenzuela, inform\u00f3 que este curso forma parte de la estrategia estatal \u201cCuenta Conmigo\u201d, impulsada por la Secretar\u00eda de Turismo de Chihuahua, con la finalidad de promover un turismo m\u00e1s accesible, emp\u00e1tico y comprometido con la inclusi\u00f3n de las personas con discapacidad auditiva. \u201cQueremos que Delicias se distinga no solo por su hospitalidad, sino por ser una ciudad que entiende la importancia de comunicarse con todos. Este taller brindar\u00e1 herramientas para que quienes atienden al p\u00fablico aprendan lo b\u00e1sico del lenguaje de se\u00f1as y fortalezcan la atenci\u00f3n al visitante\u201d, se\u00f1al\u00f3 la entrevistada. La funcionaria destac\u00f3 que el taller no tiene costo y est\u00e1 dirigido a empresarios, emprendedores, servidores p\u00fablicos, estudiantes y a toda persona interesada en aprender sobre la comunicaci\u00f3n inclusiva. Los asistentes deber\u00e1n confirmar su participaci\u00f3n mediante el registro disponible en el c\u00f3digo QR que aparece en la invitaci\u00f3n oficial.<\/p>\n","protected":false},"author":2,"featured_media":18628,"comment_status":"open","ping_status":"open","sticky":false,"template":"","format":"standard","meta":{"_monsterinsights_skip_tracking":false,"_monsterinsights_sitenote_active":false,"_monsterinsights_sitenote_note":"","_monsterinsights_sitenote_category":0,"advanced_seo_description":"","jetpack_seo_html_title":"","jetpack_seo_noindex":false,"_jetpack_memberships_contains_paid_content":false,"footnotes":"","jetpack_publicize_message":"","jetpack_publicize_feature_enabled":true,"jetpack_social_post_already_shared":true,"jetpack_social_options":{"image_generator_settings":{"template":"highway","enabled":false},"version":2}},"categories":[135,7,11],"tags":[],"class_list":["post-18627","post","type-post","status-publish","format-standard","has-post-thumbnail","hentry","category-lo-mas-leido","category-local","category-principal"],"jetpack_publicize_connections":[],"jetpack_sharing_enabled":true,"jetpack_featured_media_url":"https:\/\/i0.wp.com\/alcierrenoticias.com\/wp-content\/uploads\/2025\/11\/WhatsApp-Image-2025-11-04-at-2.20.41-PM.jpeg?fit=1600%2C1074&ssl=1","amp_enabled":true,"_links":{"self":[{"href":"https:\/\/alcierrenoticias.com\/index.php\/wp-json\/wp\/v2\/posts\/18627","targetHints":{"allow":["GET"]}}],"collection":[{"href":"https:\/\/alcierrenoticias.com\/index.php\/wp-json\/wp\/v2\/posts"}],"about":[{"href":"https:\/\/alcierrenoticias.com\/index.php\/wp-json\/wp\/v2\/types\/post"}],"author":[{"embeddable":true,"href":"https:\/\/alcierrenoticias.com\/index.php\/wp-json\/wp\/v2\/users\/2"}],"replies":[{"embeddable":true,"href":"https:\/\/alcierrenoticias.com\/index.php\/wp-json\/wp\/v2\/comments?post=18627"}],"version-history":[{"count":2,"href":"https:\/\/alcierrenoticias.com\/index.php\/wp-json\/wp\/v2\/posts\/18627\/revisions"}],"predecessor-version":[{"id":18630,"href":"https:\/\/alcierrenoticias.com\/index.php\/wp-json\/wp\/v2\/posts\/18627\/revisions\/18630"}],"wp:featuredmedia":[{"embeddable":true,"href":"https:\/\/alcierrenoticias.com\/index.php\/wp-json\/wp\/v2\/media\/18628"}],"wp:attachment":[{"href":"https:\/\/alcierrenoticias.com\/index.php\/wp-json\/wp\/v2\/media?parent=18627"}],"wp:term":[{"taxonomy":"category","embeddable":true,"href":"https:\/\/alcierrenoticias.com\/index.php\/wp-json\/wp\/v2\/categories?post=18627"},{"taxonomy":"post_tag","embeddable":true,"href":"https:\/\/alcierrenoticias.com\/index.php\/wp-json\/wp\/v2\/tags?post=18627"}],"curies":[{"name":"wp","href":"https:\/\/api.w.org\/{rel}","templated":true}]}}