{"id":18615,"date":"2025-11-03T21:17:13","date_gmt":"2025-11-04T03:17:13","guid":{"rendered":"https:\/\/alcierrenoticias.com\/?p=18615"},"modified":"2025-11-04T22:19:40","modified_gmt":"2025-11-05T04:19:40","slug":"encienden-el-escenario-con-danza-y-tradicion-en-las-delicias-de-la-muerte","status":"publish","type":"post","link":"https:\/\/alcierrenoticias.com\/index.php\/2025\/11\/03\/encienden-el-escenario-con-danza-y-tradicion-en-las-delicias-de-la-muerte\/","title":{"rendered":"Encienden el escenario con danza y tradici\u00f3n en \u201cLas Delicias de la Muerte\u201d."},"content":{"rendered":"<p>En un ambiente lleno de color, m\u00fasica y tradici\u00f3n, el festival \u201cLas Delicias de la Muerte\u201d se vivi\u00f3 con gran \u00e9xito en la Plaza de Armas de Delicias, donde cientos de personas disfrutaron de una noche llena de alegr\u00eda y talento local. El evento, coordinado por el \u00e1rea de Cultura del municipio, reuni\u00f3 a las distintas agrupaciones de danza y m\u00fasica que forman parte del patrimonio art\u00edstico de la ciudad, en una velada que celebr\u00f3 la vida, la memoria y las ra\u00edces mexicanas.<\/p>\n<p>Sobre el escenario se presentaron la Compa\u00f1\u00eda Folcl\u00f3rica Municipal Infantil y Juvenil, y el grupo \u201cLluvia de Plata\u201d, integrado por adultos mayores, quienes con entusiasmo ofrecieron coloridas estampas alusivas al D\u00eda de Muertos. Durante m\u00e1s de dos horas, los bailarines interpretaron danzas tradicionales de Jalisco, Michoac\u00e1n y Chiapas, envolviendo al p\u00fablico en un recorrido cultural por el folclor del pa\u00eds.<\/p>\n<p>La m\u00fasica corri\u00f3 a cargo de la Banda Sinf\u00f3nica Infantil y Juvenil de Delicias, que acompa\u00f1\u00f3 varias de las presentaciones con piezas llenas de energ\u00eda y sentimiento. Su talento fue ampliamente reconocido por los asistentes, quienes aplaudieron de pie la dedicaci\u00f3n de los j\u00f3venes m\u00fasicos que, con cada nota, dieron vida al esp\u00edritu festivo del D\u00eda de Muertos.<\/p>\n<p>Al finalizar las presentaciones, los integrantes de las compa\u00f1\u00edas folcl\u00f3ricas invitaron al p\u00fablico a unirse al baile, transformando la plaza en una gran pista llena de movimiento y sonrisas. Familias enteras participaron en esta espont\u00e1nea celebraci\u00f3n, creando un ambiente de unidad, alegr\u00eda y orgullo cultural que reflej\u00f3 el esp\u00edritu del festival.<\/p>\n","protected":false},"excerpt":{"rendered":"<p>En un ambiente lleno de color, m\u00fasica y tradici\u00f3n, el festival \u201cLas Delicias de la Muerte\u201d se vivi\u00f3 con gran \u00e9xito en la Plaza de Armas de Delicias, donde cientos de personas disfrutaron de una noche llena de alegr\u00eda y talento local. El evento, coordinado por el \u00e1rea de Cultura del municipio, reuni\u00f3 a las distintas agrupaciones de danza y m\u00fasica que forman parte del patrimonio art\u00edstico de la ciudad, en una velada que celebr\u00f3 la vida, la memoria y las ra\u00edces mexicanas. Sobre el escenario se presentaron la Compa\u00f1\u00eda Folcl\u00f3rica Municipal Infantil y Juvenil, y el grupo \u201cLluvia de Plata\u201d, integrado por adultos mayores, quienes con entusiasmo ofrecieron coloridas estampas alusivas al D\u00eda de Muertos. Durante m\u00e1s de dos horas, los bailarines interpretaron danzas tradicionales de Jalisco, Michoac\u00e1n y Chiapas, envolviendo al p\u00fablico en un recorrido cultural por el folclor del pa\u00eds. La m\u00fasica corri\u00f3 a cargo de la Banda Sinf\u00f3nica Infantil y Juvenil de Delicias, que acompa\u00f1\u00f3 varias de las presentaciones con piezas llenas de energ\u00eda y sentimiento. Su talento fue ampliamente reconocido por los asistentes, quienes aplaudieron de pie la dedicaci\u00f3n de los j\u00f3venes m\u00fasicos que, con cada nota, dieron vida al esp\u00edritu festivo del D\u00eda de Muertos. Al finalizar las presentaciones, los integrantes de las compa\u00f1\u00edas folcl\u00f3ricas invitaron al p\u00fablico a unirse al baile, transformando la plaza en una gran pista llena de movimiento y sonrisas. Familias enteras participaron en esta espont\u00e1nea celebraci\u00f3n, creando un ambiente de unidad, alegr\u00eda y orgullo cultural que reflej\u00f3 el esp\u00edritu del festival.<\/p>\n","protected":false},"author":2,"featured_media":18616,"comment_status":"open","ping_status":"open","sticky":false,"template":"","format":"standard","meta":{"_monsterinsights_skip_tracking":false,"_monsterinsights_sitenote_active":false,"_monsterinsights_sitenote_note":"","_monsterinsights_sitenote_category":0,"advanced_seo_description":"","jetpack_seo_html_title":"","jetpack_seo_noindex":false,"_jetpack_memberships_contains_paid_content":false,"footnotes":"","jetpack_publicize_message":"","jetpack_publicize_feature_enabled":true,"jetpack_social_post_already_shared":true,"jetpack_social_options":{"image_generator_settings":{"template":"highway","enabled":false},"version":2}},"categories":[135,7,11],"tags":[],"class_list":["post-18615","post","type-post","status-publish","format-standard","has-post-thumbnail","hentry","category-lo-mas-leido","category-local","category-principal"],"jetpack_publicize_connections":[],"jetpack_sharing_enabled":true,"jetpack_featured_media_url":"https:\/\/i0.wp.com\/alcierrenoticias.com\/wp-content\/uploads\/2025\/11\/WhatsApp-Image-2025-11-03-at-9.46.38-PM.jpeg?fit=1600%2C1200&ssl=1","amp_enabled":true,"_links":{"self":[{"href":"https:\/\/alcierrenoticias.com\/index.php\/wp-json\/wp\/v2\/posts\/18615","targetHints":{"allow":["GET"]}}],"collection":[{"href":"https:\/\/alcierrenoticias.com\/index.php\/wp-json\/wp\/v2\/posts"}],"about":[{"href":"https:\/\/alcierrenoticias.com\/index.php\/wp-json\/wp\/v2\/types\/post"}],"author":[{"embeddable":true,"href":"https:\/\/alcierrenoticias.com\/index.php\/wp-json\/wp\/v2\/users\/2"}],"replies":[{"embeddable":true,"href":"https:\/\/alcierrenoticias.com\/index.php\/wp-json\/wp\/v2\/comments?post=18615"}],"version-history":[{"count":2,"href":"https:\/\/alcierrenoticias.com\/index.php\/wp-json\/wp\/v2\/posts\/18615\/revisions"}],"predecessor-version":[{"id":18618,"href":"https:\/\/alcierrenoticias.com\/index.php\/wp-json\/wp\/v2\/posts\/18615\/revisions\/18618"}],"wp:featuredmedia":[{"embeddable":true,"href":"https:\/\/alcierrenoticias.com\/index.php\/wp-json\/wp\/v2\/media\/18616"}],"wp:attachment":[{"href":"https:\/\/alcierrenoticias.com\/index.php\/wp-json\/wp\/v2\/media?parent=18615"}],"wp:term":[{"taxonomy":"category","embeddable":true,"href":"https:\/\/alcierrenoticias.com\/index.php\/wp-json\/wp\/v2\/categories?post=18615"},{"taxonomy":"post_tag","embeddable":true,"href":"https:\/\/alcierrenoticias.com\/index.php\/wp-json\/wp\/v2\/tags?post=18615"}],"curies":[{"name":"wp","href":"https:\/\/api.w.org\/{rel}","templated":true}]}}