{"id":1861,"date":"2023-04-19T16:33:14","date_gmt":"2023-04-19T22:33:14","guid":{"rendered":"https:\/\/alcierrenoticias.com\/?p=1861"},"modified":"2023-04-19T16:33:14","modified_gmt":"2023-04-19T22:33:14","slug":"presentan-en-delicias-la-obra-literaria-region-conchos-san-pedro","status":"publish","type":"post","link":"https:\/\/alcierrenoticias.com\/index.php\/2023\/04\/19\/presentan-en-delicias-la-obra-literaria-region-conchos-san-pedro\/","title":{"rendered":"Presentan en Delicias la Obra Literaria \u201cRegi\u00f3n Conchos, San Pedro\u201d"},"content":{"rendered":"<p>Dentro el marco conmemorativo del Festival del 90 Aniversario de la Fundaci\u00f3n de Delicias, el Presidente Municipal, Jes\u00fas Valenciano, en compa\u00f1\u00eda de Alejandra Enr\u00edquez, secretaria de Cultura y Jorge Carrera, director del INAH, presentaron el libro \u201cRegi\u00f3n Conchos, San Pedro\u201d<\/p>\n<p>Se trata de una obra literaria, parte del proyecto Ra\u00edces del Desierto, que tiene por objetivo documentar el patrimonio basto, diverso y trascendental que los Chihuahuenses han forjado a lo largo de la historia, resalt\u00f3 el director del INAH, quien adem\u00e1s reconoci\u00f3 el talento de los escritores, fot\u00f3grafos y editores involucrados, y solicit\u00f3 promover la cultura a trav\u00e9s de los espacios ic\u00f3nicos de la regi\u00f3n.<\/p>\n<p>Ante esta encomienda el Alcalde de Delicias, Valenciano Garc\u00eda, se comprometi\u00f3 a invertir en el nuevo tiraje del libro, posteriormente agradeci\u00f3 a la Secretaria de Cultura por el apoyo con el Mural y la presentaci\u00f3n del libro, e hizo entrega a los alcaldes vecinos e integrantes del pres\u00eddium de la Monera Conmemorativa al 90 Aniversario del Delicias.<\/p>\n<p>Asimismo, solicit\u00f3 poner a disposici\u00f3n del p\u00fablico parte de los ejemplares que le corresponden a Delicias, para que los asistentes pudieran tomar uno, y los invit\u00f3 a seguir disfrutando del Festival de la Fundaci\u00f3n; Por su parte Alejandra Enr\u00edquez, secretaria de Cultura de Gobierno del Estado, resalt\u00f3 que es una obra que guarda mucho trabajo y aplaudi\u00f3 la iniciativa de crear este texto.<\/p>\n<p>Luego, agradeci\u00f3 el recibimiento del Alcalde Valenciano, declar\u00f3 que \u201cel sector cultural presenta un renacer, br\u00edos de esperanza y muestra de voluntad, con este nuevo proyecto que surge desde las ra\u00edces del desierto chihuahuense\u201d, y anticip\u00f3 que restar\u00e1n 6 vol\u00famenes m\u00e1s para completar la colecci\u00f3n.<\/p>\n<p>Finalmente, Miguel Herrera Golarte, present\u00f3 el libro de \u201cRegi\u00f3n Conchos, San Pedro\u201d, quien particip\u00f3 en el proyecto Ra\u00edces del Desierto, y describi\u00f3 la conformaci\u00f3n de este compendio literario a lo largo del tiempo, catalog\u00f3 a la obra como un resumen de la riqueza material y cultural de la regi\u00f3n; coment\u00f3 4 de los 10 art\u00edculos, y dio lectura a algunos renglones alusivos a las bondades naturales, culturales e hist\u00f3ricas de Delicias y la regi\u00f3n.<\/p>\n<p><img data-recalc-dims=\"1\" fetchpriority=\"high\" decoding=\"async\" class=\"alignnone  wp-image-1863\" src=\"https:\/\/i0.wp.com\/alcierrenoticias.com\/wp-content\/uploads\/2023\/04\/WhatsApp-Image-2023-04-18-at-11.47.03-PM-1.jpeg?resize=750%2C425&#038;ssl=1\" alt=\"\" width=\"750\" height=\"425\" srcset=\"https:\/\/i0.wp.com\/alcierrenoticias.com\/wp-content\/uploads\/2023\/04\/WhatsApp-Image-2023-04-18-at-11.47.03-PM-1.jpeg?resize=300%2C170&amp;ssl=1 300w, https:\/\/i0.wp.com\/alcierrenoticias.com\/wp-content\/uploads\/2023\/04\/WhatsApp-Image-2023-04-18-at-11.47.03-PM-1.jpeg?resize=768%2C436&amp;ssl=1 768w, https:\/\/i0.wp.com\/alcierrenoticias.com\/wp-content\/uploads\/2023\/04\/WhatsApp-Image-2023-04-18-at-11.47.03-PM-1.jpeg?w=1024&amp;ssl=1 1024w\" sizes=\"(max-width: 750px) 100vw, 750px\" \/><\/p>\n","protected":false},"excerpt":{"rendered":"<p>Dentro el marco conmemorativo del Festival del 90 Aniversario de la Fundaci\u00f3n de Delicias, el Presidente Municipal, Jes\u00fas Valenciano, en compa\u00f1\u00eda de Alejandra Enr\u00edquez, secretaria de Cultura y Jorge Carrera, director del INAH, presentaron el libro \u201cRegi\u00f3n Conchos, San Pedro\u201d Se trata de una obra literaria, parte del proyecto Ra\u00edces del Desierto, que tiene por objetivo documentar el patrimonio basto, diverso y trascendental que los Chihuahuenses han forjado a lo largo de la historia, resalt\u00f3 el director del INAH, quien adem\u00e1s reconoci\u00f3 el talento de los escritores, fot\u00f3grafos y editores involucrados, y solicit\u00f3 promover la cultura a trav\u00e9s de los espacios ic\u00f3nicos de la regi\u00f3n. Ante esta encomienda el Alcalde de Delicias, Valenciano Garc\u00eda, se comprometi\u00f3 a invertir en el nuevo tiraje del libro, posteriormente agradeci\u00f3 a la Secretaria de Cultura por el apoyo con el Mural y la presentaci\u00f3n del libro, e hizo entrega a los alcaldes vecinos e integrantes del pres\u00eddium de la Monera Conmemorativa al 90 Aniversario del Delicias. Asimismo, solicit\u00f3 poner a disposici\u00f3n del p\u00fablico parte de los ejemplares que le corresponden a Delicias, para que los asistentes pudieran tomar uno, y los invit\u00f3 a seguir disfrutando del Festival de la Fundaci\u00f3n; Por su parte Alejandra Enr\u00edquez, secretaria de Cultura de Gobierno del Estado, resalt\u00f3 que es una obra que guarda mucho trabajo y aplaudi\u00f3 la iniciativa de crear este texto. Luego, agradeci\u00f3 el recibimiento del Alcalde Valenciano, declar\u00f3 que \u201cel sector cultural presenta un renacer, br\u00edos de esperanza y muestra de voluntad, con este nuevo proyecto que surge desde las ra\u00edces del desierto chihuahuense\u201d, y anticip\u00f3 que restar\u00e1n 6 vol\u00famenes m\u00e1s para completar la colecci\u00f3n. Finalmente, Miguel Herrera Golarte, present\u00f3 el libro de \u201cRegi\u00f3n Conchos, San Pedro\u201d, quien particip\u00f3 en el proyecto Ra\u00edces del Desierto, y describi\u00f3 la conformaci\u00f3n de este compendio literario a lo largo del tiempo, catalog\u00f3 a la obra como un resumen de la riqueza material y cultural de la regi\u00f3n; coment\u00f3 4 de los 10 art\u00edculos, y dio lectura a algunos renglones alusivos a las bondades naturales, culturales e hist\u00f3ricas de Delicias y la regi\u00f3n.<\/p>\n","protected":false},"author":2,"featured_media":1862,"comment_status":"open","ping_status":"open","sticky":false,"template":"","format":"standard","meta":{"_monsterinsights_skip_tracking":false,"_monsterinsights_sitenote_active":false,"_monsterinsights_sitenote_note":"","_monsterinsights_sitenote_category":0,"advanced_seo_description":"","jetpack_seo_html_title":"","jetpack_seo_noindex":false,"_jetpack_memberships_contains_paid_content":false,"footnotes":"","jetpack_publicize_message":"","jetpack_publicize_feature_enabled":true,"jetpack_social_post_already_shared":true,"jetpack_social_options":{"image_generator_settings":{"template":"highway","enabled":false},"version":2}},"categories":[135,7,11],"tags":[],"class_list":["post-1861","post","type-post","status-publish","format-standard","has-post-thumbnail","hentry","category-lo-mas-leido","category-local","category-principal"],"jetpack_publicize_connections":[],"jetpack_sharing_enabled":true,"jetpack_featured_media_url":"https:\/\/i0.wp.com\/alcierrenoticias.com\/wp-content\/uploads\/2023\/04\/WhatsApp-Image-2023-04-18-at-11.47.03-PM.jpeg?fit=1024%2C668&ssl=1","amp_enabled":true,"_links":{"self":[{"href":"https:\/\/alcierrenoticias.com\/index.php\/wp-json\/wp\/v2\/posts\/1861","targetHints":{"allow":["GET"]}}],"collection":[{"href":"https:\/\/alcierrenoticias.com\/index.php\/wp-json\/wp\/v2\/posts"}],"about":[{"href":"https:\/\/alcierrenoticias.com\/index.php\/wp-json\/wp\/v2\/types\/post"}],"author":[{"embeddable":true,"href":"https:\/\/alcierrenoticias.com\/index.php\/wp-json\/wp\/v2\/users\/2"}],"replies":[{"embeddable":true,"href":"https:\/\/alcierrenoticias.com\/index.php\/wp-json\/wp\/v2\/comments?post=1861"}],"version-history":[{"count":1,"href":"https:\/\/alcierrenoticias.com\/index.php\/wp-json\/wp\/v2\/posts\/1861\/revisions"}],"predecessor-version":[{"id":1864,"href":"https:\/\/alcierrenoticias.com\/index.php\/wp-json\/wp\/v2\/posts\/1861\/revisions\/1864"}],"wp:featuredmedia":[{"embeddable":true,"href":"https:\/\/alcierrenoticias.com\/index.php\/wp-json\/wp\/v2\/media\/1862"}],"wp:attachment":[{"href":"https:\/\/alcierrenoticias.com\/index.php\/wp-json\/wp\/v2\/media?parent=1861"}],"wp:term":[{"taxonomy":"category","embeddable":true,"href":"https:\/\/alcierrenoticias.com\/index.php\/wp-json\/wp\/v2\/categories?post=1861"},{"taxonomy":"post_tag","embeddable":true,"href":"https:\/\/alcierrenoticias.com\/index.php\/wp-json\/wp\/v2\/tags?post=1861"}],"curies":[{"name":"wp","href":"https:\/\/api.w.org\/{rel}","templated":true}]}}