{"id":18603,"date":"2025-11-03T17:06:26","date_gmt":"2025-11-03T23:06:26","guid":{"rendered":"https:\/\/alcierrenoticias.com\/?p=18603"},"modified":"2025-11-04T22:11:21","modified_gmt":"2025-11-05T04:11:21","slug":"toman-protesta-nuevas-consejerias-electorales-del-iee","status":"publish","type":"post","link":"https:\/\/alcierrenoticias.com\/index.php\/2025\/11\/03\/toman-protesta-nuevas-consejerias-electorales-del-iee\/","title":{"rendered":"Toman protesta nuevas Consejer\u00edas Electorales del IEE."},"content":{"rendered":"<p>En su Quincuag\u00e9sima Quinta Sesi\u00f3n Extraordinaria, el Consejo Estatal del Instituto Estatal Electoral de Chihuahua (IEE) llev\u00f3 a cabo la toma de protesta de\u00a0<strong>Vanessa Adriana Armend\u00e1riz Orozco<\/strong>,\u00a0<strong>Diana Patricia Ontiveros Aguirre<\/strong>\u00a0y\u00a0<strong>Jes\u00fas Miguel Armend\u00e1riz Olivares<\/strong>\u00a0como nuevas consejer\u00edas electorales del IEE.<\/p>\n<p>Durante la\u00a0<strong>Quincuag\u00e9sima Quinta Sesi\u00f3n Extraordinaria<\/strong>, las nuevas consejer\u00edas expresaron su compromiso de fortalecer la democracia chihuahuense desde la imparcialidad, la \u00e9tica y el servicio p\u00fablico.<\/p>\n<p><em>\u201cAsumo con profundo honor y responsabilidad la encomienda que me ha sido conferida. Este momento representa no solo el inicio de una nueva etapa profesional, sino tambi\u00e9n el compromiso firme de contribuir al fortalecimiento de nuestra democracia\u201d,<\/em>\u00a0expres\u00f3\u00a0<strong>Vanessa Adriana Armend\u00e1riz Orozco<\/strong>, al rendir protesta.<\/p>\n<p>Por su parte,\u00a0<strong>Diana Ontiveros<\/strong>\u00a0comparti\u00f3 que su nombramiento representa un gran honor y una responsabilidad que asumir\u00e1 con \u00e9tica y profesionalismo.<\/p>\n<p><em>\u201cEstoy segura de que, de la mano de mis compa\u00f1eros consejeros, lograremos fortalecer la confianza de la ciudadan\u00eda en este instituto\u201d,<\/em>\u00a0se\u00f1al\u00f3.<\/p>\n<p>En su intervenci\u00f3n,\u00a0<strong>Jes\u00fas Miguel Armend\u00e1riz Olivares<\/strong>\u00a0destac\u00f3 su trayectoria de m\u00e1s de dos d\u00e9cadas en materia electoral y reiter\u00f3 su compromiso con los valores de imparcialidad y respeto a los derechos pol\u00edtico-electorales.<\/p>\n<p><em>\u201cVenimos a aportar, venimos a trabajar y a garantizar los derechos pol\u00edticos de todas las personas\u201d,<\/em>expres\u00f3.<\/p>\n<p>Finalmente, la\u00a0<strong>consejera presidenta Yanko Duran Prieto<\/strong>\u00a0dio la bienvenida a las nuevas integrantes e integrante del Consejo Estatal, reconociendo el valor de su incorporaci\u00f3n:<\/p>\n<p><em>\u201cCada una y cada uno de ustedes aportar\u00e1 una visi\u00f3n distinta que fortalecer\u00e1 al Instituto. Somos un organismo s\u00f3lido y reconocido a nivel nacional; su llegada sin duda lo har\u00e1 a\u00fan m\u00e1s fuerte\u201d,<\/em>\u00a0afirm\u00f3.<\/p>\n<p>Con esta integraci\u00f3n, el Instituto Estatal Electoral de Chihuahua reafirma su compromiso de seguir consolid\u00e1ndose como una instituci\u00f3n s\u00f3lida, plural y comprometida con el fortalecimiento de la democracia y la participaci\u00f3n ciudadana en el estado.<\/p>\n","protected":false},"excerpt":{"rendered":"<p>En su Quincuag\u00e9sima Quinta Sesi\u00f3n Extraordinaria, el Consejo Estatal del Instituto Estatal Electoral de Chihuahua (IEE) llev\u00f3 a cabo la toma de protesta de\u00a0Vanessa Adriana Armend\u00e1riz Orozco,\u00a0Diana Patricia Ontiveros Aguirre\u00a0y\u00a0Jes\u00fas Miguel Armend\u00e1riz Olivares\u00a0como nuevas consejer\u00edas electorales del IEE. Durante la\u00a0Quincuag\u00e9sima Quinta Sesi\u00f3n Extraordinaria, las nuevas consejer\u00edas expresaron su compromiso de fortalecer la democracia chihuahuense desde la imparcialidad, la \u00e9tica y el servicio p\u00fablico. \u201cAsumo con profundo honor y responsabilidad la encomienda que me ha sido conferida. Este momento representa no solo el inicio de una nueva etapa profesional, sino tambi\u00e9n el compromiso firme de contribuir al fortalecimiento de nuestra democracia\u201d,\u00a0expres\u00f3\u00a0Vanessa Adriana Armend\u00e1riz Orozco, al rendir protesta. Por su parte,\u00a0Diana Ontiveros\u00a0comparti\u00f3 que su nombramiento representa un gran honor y una responsabilidad que asumir\u00e1 con \u00e9tica y profesionalismo. \u201cEstoy segura de que, de la mano de mis compa\u00f1eros consejeros, lograremos fortalecer la confianza de la ciudadan\u00eda en este instituto\u201d,\u00a0se\u00f1al\u00f3. En su intervenci\u00f3n,\u00a0Jes\u00fas Miguel Armend\u00e1riz Olivares\u00a0destac\u00f3 su trayectoria de m\u00e1s de dos d\u00e9cadas en materia electoral y reiter\u00f3 su compromiso con los valores de imparcialidad y respeto a los derechos pol\u00edtico-electorales. \u201cVenimos a aportar, venimos a trabajar y a garantizar los derechos pol\u00edticos de todas las personas\u201d,expres\u00f3. Finalmente, la\u00a0consejera presidenta Yanko Duran Prieto\u00a0dio la bienvenida a las nuevas integrantes e integrante del Consejo Estatal, reconociendo el valor de su incorporaci\u00f3n: \u201cCada una y cada uno de ustedes aportar\u00e1 una visi\u00f3n distinta que fortalecer\u00e1 al Instituto. Somos un organismo s\u00f3lido y reconocido a nivel nacional; su llegada sin duda lo har\u00e1 a\u00fan m\u00e1s fuerte\u201d,\u00a0afirm\u00f3. Con esta integraci\u00f3n, el Instituto Estatal Electoral de Chihuahua reafirma su compromiso de seguir consolid\u00e1ndose como una instituci\u00f3n s\u00f3lida, plural y comprometida con el fortalecimiento de la democracia y la participaci\u00f3n ciudadana en el estado.<\/p>\n","protected":false},"author":2,"featured_media":18604,"comment_status":"open","ping_status":"open","sticky":false,"template":"","format":"standard","meta":{"_monsterinsights_skip_tracking":false,"_monsterinsights_sitenote_active":false,"_monsterinsights_sitenote_note":"","_monsterinsights_sitenote_category":0,"advanced_seo_description":"","jetpack_seo_html_title":"","jetpack_seo_noindex":false,"_jetpack_memberships_contains_paid_content":false,"footnotes":"","jetpack_publicize_message":"","jetpack_publicize_feature_enabled":true,"jetpack_social_post_already_shared":true,"jetpack_social_options":{"image_generator_settings":{"template":"highway","enabled":false},"version":2}},"categories":[8,135,11],"tags":[],"class_list":["post-18603","post","type-post","status-publish","format-standard","has-post-thumbnail","hentry","category-estado","category-lo-mas-leido","category-principal"],"jetpack_publicize_connections":[],"jetpack_sharing_enabled":true,"jetpack_featured_media_url":"https:\/\/i0.wp.com\/alcierrenoticias.com\/wp-content\/uploads\/2025\/11\/WhatsApp-Image-2025-11-03-at-4.51.20-PM.jpeg?fit=1600%2C1066&ssl=1","amp_enabled":true,"_links":{"self":[{"href":"https:\/\/alcierrenoticias.com\/index.php\/wp-json\/wp\/v2\/posts\/18603","targetHints":{"allow":["GET"]}}],"collection":[{"href":"https:\/\/alcierrenoticias.com\/index.php\/wp-json\/wp\/v2\/posts"}],"about":[{"href":"https:\/\/alcierrenoticias.com\/index.php\/wp-json\/wp\/v2\/types\/post"}],"author":[{"embeddable":true,"href":"https:\/\/alcierrenoticias.com\/index.php\/wp-json\/wp\/v2\/users\/2"}],"replies":[{"embeddable":true,"href":"https:\/\/alcierrenoticias.com\/index.php\/wp-json\/wp\/v2\/comments?post=18603"}],"version-history":[{"count":2,"href":"https:\/\/alcierrenoticias.com\/index.php\/wp-json\/wp\/v2\/posts\/18603\/revisions"}],"predecessor-version":[{"id":18606,"href":"https:\/\/alcierrenoticias.com\/index.php\/wp-json\/wp\/v2\/posts\/18603\/revisions\/18606"}],"wp:featuredmedia":[{"embeddable":true,"href":"https:\/\/alcierrenoticias.com\/index.php\/wp-json\/wp\/v2\/media\/18604"}],"wp:attachment":[{"href":"https:\/\/alcierrenoticias.com\/index.php\/wp-json\/wp\/v2\/media?parent=18603"}],"wp:term":[{"taxonomy":"category","embeddable":true,"href":"https:\/\/alcierrenoticias.com\/index.php\/wp-json\/wp\/v2\/categories?post=18603"},{"taxonomy":"post_tag","embeddable":true,"href":"https:\/\/alcierrenoticias.com\/index.php\/wp-json\/wp\/v2\/tags?post=18603"}],"curies":[{"name":"wp","href":"https:\/\/api.w.org\/{rel}","templated":true}]}}