{"id":18587,"date":"2025-11-03T12:13:22","date_gmt":"2025-11-03T18:13:22","guid":{"rendered":"https:\/\/alcierrenoticias.com\/?p=18587"},"modified":"2025-11-04T13:42:36","modified_gmt":"2025-11-04T19:42:36","slug":"celebran-la-vida-y-la-tradicion-con-el-festival-las-delicias-de-la-muerte-en-la-plaza-de-armas","status":"publish","type":"post","link":"https:\/\/alcierrenoticias.com\/index.php\/2025\/11\/03\/celebran-la-vida-y-la-tradicion-con-el-festival-las-delicias-de-la-muerte-en-la-plaza-de-armas\/","title":{"rendered":"Celebran la vida y la tradici\u00f3n con el Festival \u201cLas Delicias de la Muerte\u201d en la Plaza de Armas."},"content":{"rendered":"<p>Con m\u00fasica, color y baile, decenas de familias se reunieron en la Plaza de Armas de Delicias para disfrutar de la presentaci\u00f3n del Ballet Folcl\u00f3rico Municipal, como parte del Festival \u201cLas Delicias de la Muerte\u201d. El evento fue coordinado por el \u00e1rea de Cultura del municipio, encabezada por Mario Guill\u00e9n Porras, quien destac\u00f3 la importancia de mantener vivas las tradiciones mexicanas a trav\u00e9s del arte y la participaci\u00f3n ciudadana.<\/p>\n<p>Durante la velada, el p\u00fablico pudo disfrutar de un programa lleno de ritmo y alegr\u00eda, con estampas tradicionales interpretadas por las tres compa\u00f1\u00edas de danza folcl\u00f3rica del municipio: la de adultos mayores, la juvenil y la infantil. Cada grupo llen\u00f3 el escenario de color y energ\u00eda, mostrando el talento y el compromiso de los artistas locales que, con orgullo, mantienen vivas las ra\u00edces del folclor mexicano.<\/p>\n<p>En su mensaje, Mario Guill\u00e9n Porras, coordinador de Cultura, record\u00f3 que este festival celebra su quinta edici\u00f3n, y que desde sus inicios ha crecido gracias al entusiasmo del pueblo de Delicias. \u201cHace cinco a\u00f1os comenzamos con solo dos eventos aqu\u00ed en la plaza, y hoy el festival ha crecido enormemente. Este logro no es solo del municipio, sino de toda la comunidad que lo ha hecho suyo\u201d, expres\u00f3. Tambi\u00e9n resalt\u00f3 que el objetivo principal es rescatar nuestras tradiciones mexicanas, que muchas veces son m\u00e1s valoradas fuera del pa\u00eds que dentro de \u00e9l.<\/p>\n<p>El momento m\u00e1s simb\u00f3lico de la noche lleg\u00f3 a las 10:00 p.m., cuando se realiz\u00f3 la representaci\u00f3n de \u201cLa Despedida de la Muerte\u201d. En medio de un ambiente de misterio y solemnidad, una catrina \u2014que representaba a la Muerte\u2014 camin\u00f3 sobre los tapetes monumentales, seguida por matachines, mientras el p\u00fablico la acompa\u00f1aba con respeto y emoci\u00f3n. Este acto simboliz\u00f3 el regreso de las almas al m\u00e1s all\u00e1, cerrando con ello la jornada cultural del d\u00eda.<\/p>\n<p>El evento concluy\u00f3 entre aplausos y emociones compartidas, dejando en claro que \u201cLas Delicias de la Muerte\u201d se ha consolidado como un espacio para honrar la memoria, celebrar la vida y fortalecer la identidad cultural del municipio.<\/p>\n","protected":false},"excerpt":{"rendered":"<p>Con m\u00fasica, color y baile, decenas de familias se reunieron en la Plaza de Armas de Delicias para disfrutar de la presentaci\u00f3n del Ballet Folcl\u00f3rico Municipal, como parte del Festival \u201cLas Delicias de la Muerte\u201d. El evento fue coordinado por el \u00e1rea de Cultura del municipio, encabezada por Mario Guill\u00e9n Porras, quien destac\u00f3 la importancia de mantener vivas las tradiciones mexicanas a trav\u00e9s del arte y la participaci\u00f3n ciudadana. Durante la velada, el p\u00fablico pudo disfrutar de un programa lleno de ritmo y alegr\u00eda, con estampas tradicionales interpretadas por las tres compa\u00f1\u00edas de danza folcl\u00f3rica del municipio: la de adultos mayores, la juvenil y la infantil. Cada grupo llen\u00f3 el escenario de color y energ\u00eda, mostrando el talento y el compromiso de los artistas locales que, con orgullo, mantienen vivas las ra\u00edces del folclor mexicano. En su mensaje, Mario Guill\u00e9n Porras, coordinador de Cultura, record\u00f3 que este festival celebra su quinta edici\u00f3n, y que desde sus inicios ha crecido gracias al entusiasmo del pueblo de Delicias. \u201cHace cinco a\u00f1os comenzamos con solo dos eventos aqu\u00ed en la plaza, y hoy el festival ha crecido enormemente. Este logro no es solo del municipio, sino de toda la comunidad que lo ha hecho suyo\u201d, expres\u00f3. Tambi\u00e9n resalt\u00f3 que el objetivo principal es rescatar nuestras tradiciones mexicanas, que muchas veces son m\u00e1s valoradas fuera del pa\u00eds que dentro de \u00e9l. El momento m\u00e1s simb\u00f3lico de la noche lleg\u00f3 a las 10:00 p.m., cuando se realiz\u00f3 la representaci\u00f3n de \u201cLa Despedida de la Muerte\u201d. En medio de un ambiente de misterio y solemnidad, una catrina \u2014que representaba a la Muerte\u2014 camin\u00f3 sobre los tapetes monumentales, seguida por matachines, mientras el p\u00fablico la acompa\u00f1aba con respeto y emoci\u00f3n. Este acto simboliz\u00f3 el regreso de las almas al m\u00e1s all\u00e1, cerrando con ello la jornada cultural del d\u00eda. El evento concluy\u00f3 entre aplausos y emociones compartidas, dejando en claro que \u201cLas Delicias de la Muerte\u201d se ha consolidado como un espacio para honrar la memoria, celebrar la vida y fortalecer la identidad cultural del municipio.<\/p>\n","protected":false},"author":2,"featured_media":18588,"comment_status":"open","ping_status":"open","sticky":false,"template":"","format":"standard","meta":{"_monsterinsights_skip_tracking":false,"_monsterinsights_sitenote_active":false,"_monsterinsights_sitenote_note":"","_monsterinsights_sitenote_category":0,"advanced_seo_description":"","jetpack_seo_html_title":"","jetpack_seo_noindex":false,"_jetpack_memberships_contains_paid_content":false,"footnotes":"","jetpack_publicize_message":"","jetpack_publicize_feature_enabled":true,"jetpack_social_post_already_shared":true,"jetpack_social_options":{"image_generator_settings":{"template":"highway","enabled":false},"version":2}},"categories":[135,7,11],"tags":[],"class_list":["post-18587","post","type-post","status-publish","format-standard","has-post-thumbnail","hentry","category-lo-mas-leido","category-local","category-principal"],"jetpack_publicize_connections":[],"jetpack_sharing_enabled":true,"jetpack_featured_media_url":"https:\/\/i0.wp.com\/alcierrenoticias.com\/wp-content\/uploads\/2025\/11\/WhatsApp-Image-2025-11-03-at-11.57.05-AM.jpeg?fit=2560%2C1920&ssl=1","amp_enabled":true,"_links":{"self":[{"href":"https:\/\/alcierrenoticias.com\/index.php\/wp-json\/wp\/v2\/posts\/18587","targetHints":{"allow":["GET"]}}],"collection":[{"href":"https:\/\/alcierrenoticias.com\/index.php\/wp-json\/wp\/v2\/posts"}],"about":[{"href":"https:\/\/alcierrenoticias.com\/index.php\/wp-json\/wp\/v2\/types\/post"}],"author":[{"embeddable":true,"href":"https:\/\/alcierrenoticias.com\/index.php\/wp-json\/wp\/v2\/users\/2"}],"replies":[{"embeddable":true,"href":"https:\/\/alcierrenoticias.com\/index.php\/wp-json\/wp\/v2\/comments?post=18587"}],"version-history":[{"count":2,"href":"https:\/\/alcierrenoticias.com\/index.php\/wp-json\/wp\/v2\/posts\/18587\/revisions"}],"predecessor-version":[{"id":18590,"href":"https:\/\/alcierrenoticias.com\/index.php\/wp-json\/wp\/v2\/posts\/18587\/revisions\/18590"}],"wp:featuredmedia":[{"embeddable":true,"href":"https:\/\/alcierrenoticias.com\/index.php\/wp-json\/wp\/v2\/media\/18588"}],"wp:attachment":[{"href":"https:\/\/alcierrenoticias.com\/index.php\/wp-json\/wp\/v2\/media?parent=18587"}],"wp:term":[{"taxonomy":"category","embeddable":true,"href":"https:\/\/alcierrenoticias.com\/index.php\/wp-json\/wp\/v2\/categories?post=18587"},{"taxonomy":"post_tag","embeddable":true,"href":"https:\/\/alcierrenoticias.com\/index.php\/wp-json\/wp\/v2\/tags?post=18587"}],"curies":[{"name":"wp","href":"https:\/\/api.w.org\/{rel}","templated":true}]}}