{"id":18583,"date":"2025-11-03T12:09:24","date_gmt":"2025-11-03T18:09:24","guid":{"rendered":"https:\/\/alcierrenoticias.com\/?p=18583"},"modified":"2025-11-04T13:34:35","modified_gmt":"2025-11-04T19:34:35","slug":"reviven-historia-y-tradicion-en-el-recorrido-caminando-entre-tumbas","status":"publish","type":"post","link":"https:\/\/alcierrenoticias.com\/index.php\/2025\/11\/03\/reviven-historia-y-tradicion-en-el-recorrido-caminando-entre-tumbas\/","title":{"rendered":"Reviven historia y tradici\u00f3n en el recorrido \u201cCaminando entre Tumbas\u201d."},"content":{"rendered":"<p>Como parte del Festival \u201cLas Delicias de la Muerte\u201d, se llev\u00f3 a cabo la tradicional actividad \u201cCaminando entre Tumbas\u201d, un recorrido nocturno lleno de historia, cultura y memoria que tuvo lugar en el Pante\u00f3n Municipal de Delicias. La velada estuvo organizada por la Coordinaci\u00f3n de Cultura, dirigida por Mario Guill\u00e9n Porras, quien destac\u00f3 la importancia de preservar la identidad local a trav\u00e9s de estas actividades que rinden homenaje a personajes que dejaron huella en la comunidad.<\/p>\n<p>El recorrido inici\u00f3 en la entrada principal del pante\u00f3n, sobre la avenida Segunda, donde decenas de personas se congregaron para participar. A lo largo del pasillo central se colocaron estaciones dedicadas a distintos personajes sepultados en el lugar, en las que se presentaron breves narrativas sobre sus vidas y aportaciones. El ambiente estuvo iluminado con antorchas, creando un entorno solemne y evocador que transport\u00f3 a los asistentes a distintas \u00e9pocas de la historia de Delicias.<\/p>\n<p>Durante el recorrido se reconoci\u00f3 la memoria de figuras como Fel\u00edcitas, el ingeniero Enrique Rubio, el comandante Jorge Luis Bustamante, la maestra Gloria Arellano, Jacinto \u201cChinto\u201d Pe\u00f1a, Pedro Esmeralda, Carlos Blacke, Emiliano J. Laing, as\u00ed como un homenaje especial a los muertos desconocidos y a Pedro Infante, \u00edcono de la m\u00fasica y el cine mexicano cuya leyenda sigue viva en el coraz\u00f3n del pueblo.<\/p>\n<p>Guill\u00e9n Porras explic\u00f3 que este tipo de eventos son una prioridad para el alcalde Jes\u00fas Valenciano, buscan no solo conmemorar el D\u00eda de Muertos, sino tambi\u00e9n fomentar el respeto por la historia local y por quienes contribuyeron al desarrollo de la regi\u00f3n. \u201cCada tumba tiene una historia que contar, y con esta actividad invitamos a la gente a escuchar esas voces que a\u00fan resuenan en nuestra memoria colectiva\u201d, se\u00f1al\u00f3.<\/p>\n<p>El recorrido concluy\u00f3 en las instalaciones de Mausoleos Todas Las Almas, donde los asistentes compartieron reflexiones y vivencias. Con una gran participaci\u00f3n ciudadana, \u201cCaminando entre Tumbas\u201d reafirm\u00f3 su lugar como una de las actividades m\u00e1s esperadas del Festival \u201cLas Delicias de la Muerte\u201d, recordando que honrar a los que se fueron tambi\u00e9n es celebrar la vida y la cultura que nos une como comunidad.<\/p>\n","protected":false},"excerpt":{"rendered":"<p>Como parte del Festival \u201cLas Delicias de la Muerte\u201d, se llev\u00f3 a cabo la tradicional actividad \u201cCaminando entre Tumbas\u201d, un recorrido nocturno lleno de historia, cultura y memoria que tuvo lugar en el Pante\u00f3n Municipal de Delicias. La velada estuvo organizada por la Coordinaci\u00f3n de Cultura, dirigida por Mario Guill\u00e9n Porras, quien destac\u00f3 la importancia de preservar la identidad local a trav\u00e9s de estas actividades que rinden homenaje a personajes que dejaron huella en la comunidad. El recorrido inici\u00f3 en la entrada principal del pante\u00f3n, sobre la avenida Segunda, donde decenas de personas se congregaron para participar. A lo largo del pasillo central se colocaron estaciones dedicadas a distintos personajes sepultados en el lugar, en las que se presentaron breves narrativas sobre sus vidas y aportaciones. El ambiente estuvo iluminado con antorchas, creando un entorno solemne y evocador que transport\u00f3 a los asistentes a distintas \u00e9pocas de la historia de Delicias. Durante el recorrido se reconoci\u00f3 la memoria de figuras como Fel\u00edcitas, el ingeniero Enrique Rubio, el comandante Jorge Luis Bustamante, la maestra Gloria Arellano, Jacinto \u201cChinto\u201d Pe\u00f1a, Pedro Esmeralda, Carlos Blacke, Emiliano J. Laing, as\u00ed como un homenaje especial a los muertos desconocidos y a Pedro Infante, \u00edcono de la m\u00fasica y el cine mexicano cuya leyenda sigue viva en el coraz\u00f3n del pueblo. Guill\u00e9n Porras explic\u00f3 que este tipo de eventos son una prioridad para el alcalde Jes\u00fas Valenciano, buscan no solo conmemorar el D\u00eda de Muertos, sino tambi\u00e9n fomentar el respeto por la historia local y por quienes contribuyeron al desarrollo de la regi\u00f3n. \u201cCada tumba tiene una historia que contar, y con esta actividad invitamos a la gente a escuchar esas voces que a\u00fan resuenan en nuestra memoria colectiva\u201d, se\u00f1al\u00f3. El recorrido concluy\u00f3 en las instalaciones de Mausoleos Todas Las Almas, donde los asistentes compartieron reflexiones y vivencias. Con una gran participaci\u00f3n ciudadana, \u201cCaminando entre Tumbas\u201d reafirm\u00f3 su lugar como una de las actividades m\u00e1s esperadas del Festival \u201cLas Delicias de la Muerte\u201d, recordando que honrar a los que se fueron tambi\u00e9n es celebrar la vida y la cultura que nos une como comunidad.<\/p>\n","protected":false},"author":2,"featured_media":18584,"comment_status":"open","ping_status":"open","sticky":false,"template":"","format":"standard","meta":{"_monsterinsights_skip_tracking":false,"_monsterinsights_sitenote_active":false,"_monsterinsights_sitenote_note":"","_monsterinsights_sitenote_category":0,"advanced_seo_description":"","jetpack_seo_html_title":"","jetpack_seo_noindex":false,"_jetpack_memberships_contains_paid_content":false,"footnotes":"","jetpack_publicize_message":"","jetpack_publicize_feature_enabled":true,"jetpack_social_post_already_shared":true,"jetpack_social_options":{"image_generator_settings":{"template":"highway","enabled":false},"version":2}},"categories":[135,7,11],"tags":[],"class_list":["post-18583","post","type-post","status-publish","format-standard","has-post-thumbnail","hentry","category-lo-mas-leido","category-local","category-principal"],"jetpack_publicize_connections":[],"jetpack_sharing_enabled":true,"jetpack_featured_media_url":"https:\/\/i0.wp.com\/alcierrenoticias.com\/wp-content\/uploads\/2025\/11\/WhatsApp-Image-2025-11-03-at-11.57.03-AM-1.jpeg?fit=1280%2C854&ssl=1","amp_enabled":true,"_links":{"self":[{"href":"https:\/\/alcierrenoticias.com\/index.php\/wp-json\/wp\/v2\/posts\/18583","targetHints":{"allow":["GET"]}}],"collection":[{"href":"https:\/\/alcierrenoticias.com\/index.php\/wp-json\/wp\/v2\/posts"}],"about":[{"href":"https:\/\/alcierrenoticias.com\/index.php\/wp-json\/wp\/v2\/types\/post"}],"author":[{"embeddable":true,"href":"https:\/\/alcierrenoticias.com\/index.php\/wp-json\/wp\/v2\/users\/2"}],"replies":[{"embeddable":true,"href":"https:\/\/alcierrenoticias.com\/index.php\/wp-json\/wp\/v2\/comments?post=18583"}],"version-history":[{"count":2,"href":"https:\/\/alcierrenoticias.com\/index.php\/wp-json\/wp\/v2\/posts\/18583\/revisions"}],"predecessor-version":[{"id":18586,"href":"https:\/\/alcierrenoticias.com\/index.php\/wp-json\/wp\/v2\/posts\/18583\/revisions\/18586"}],"wp:featuredmedia":[{"embeddable":true,"href":"https:\/\/alcierrenoticias.com\/index.php\/wp-json\/wp\/v2\/media\/18584"}],"wp:attachment":[{"href":"https:\/\/alcierrenoticias.com\/index.php\/wp-json\/wp\/v2\/media?parent=18583"}],"wp:term":[{"taxonomy":"category","embeddable":true,"href":"https:\/\/alcierrenoticias.com\/index.php\/wp-json\/wp\/v2\/categories?post=18583"},{"taxonomy":"post_tag","embeddable":true,"href":"https:\/\/alcierrenoticias.com\/index.php\/wp-json\/wp\/v2\/tags?post=18583"}],"curies":[{"name":"wp","href":"https:\/\/api.w.org\/{rel}","templated":true}]}}