{"id":18554,"date":"2025-11-01T10:00:33","date_gmt":"2025-11-01T16:00:33","guid":{"rendered":"https:\/\/alcierrenoticias.com\/?p=18554"},"modified":"2025-11-02T20:06:17","modified_gmt":"2025-11-03T02:06:17","slug":"celebran-presentacion-de-tapetes-monumentales-con-participacion-de-11-escuelas-en-delicias","status":"publish","type":"post","link":"https:\/\/alcierrenoticias.com\/index.php\/2025\/11\/01\/celebran-presentacion-de-tapetes-monumentales-con-participacion-de-11-escuelas-en-delicias\/","title":{"rendered":"Celebran presentaci\u00f3n de tapetes monumentales con participaci\u00f3n de 11 escuelas en Delicias."},"content":{"rendered":"<p>Con gran entusiasmo y colorido se llev\u00f3 a cabo la presentaci\u00f3n de los tapetes monumentales en la Plaza de Armas, donde participaron un total de once instituciones educativas, que demostraron su talento y creatividad en esta tradicional actividad La Plaza Entre Huesos y Flores con motivo del D\u00eda de Muertos.<\/p>\n<p>En el evento participaron las secundarias t\u00e9cnicas 52, 96 y 34, as\u00ed como el Colegio de Bachilleres de Delicias, el Centro de Estudios de Bachillerato 6\/4, Conalep, Cetis 87, Universidad Vizcaya, la Universidad Regional del Norte (URN), la Facultad de Contadur\u00eda y Administraci\u00f3n y el Instituto Tecnol\u00f3gico de Delicias, cuyos alumnos elaboraron coloridos tapetes con diversos motivos alusivos a la tradici\u00f3n mexicana.<\/p>\n<p>La celebraci\u00f3n fue encabezada por el presidente municipal Jes\u00fas Valenciano Garc\u00eda y su esposa Alma Limas, as\u00ed como el coordinador de Cultura Mario Guill\u00e9n Porras, quienes recorrieron cada uno de los tapetes y reconocieron el esfuerzo de los j\u00f3venes participantes, destacando la importancia de mantener vivas las costumbres que dan identidad y orgullo a los delicienses.<\/p>\n<p>Adem\u00e1s de la exposici\u00f3n de tapetes, la jornada estuvo acompa\u00f1ada por una verbena popular en la plaza principal, donde familias completas disfrutaron de antojitos t\u00edpicos, m\u00fasica y presentaciones art\u00edsticas que dieron un ambiente festivo a la conmemoraci\u00f3n.<\/p>\n<p>Como parte de las actividades, tambi\u00e9n se realiz\u00f3 la tradicional Muerteada, una alegre callejoneada que recorri\u00f3 las principales calles de la ciudad, llenando de color, alegr\u00eda y tradici\u00f3n el coraz\u00f3n de Delicias, en una noche dedicada a honrar y celebrar la vida y la memoria de quienes ya partieron.<\/p>\n","protected":false},"excerpt":{"rendered":"<p>Con gran entusiasmo y colorido se llev\u00f3 a cabo la presentaci\u00f3n de los tapetes monumentales en la Plaza de Armas, donde participaron un total de once instituciones educativas, que demostraron su talento y creatividad en esta tradicional actividad La Plaza Entre Huesos y Flores con motivo del D\u00eda de Muertos. En el evento participaron las secundarias t\u00e9cnicas 52, 96 y 34, as\u00ed como el Colegio de Bachilleres de Delicias, el Centro de Estudios de Bachillerato 6\/4, Conalep, Cetis 87, Universidad Vizcaya, la Universidad Regional del Norte (URN), la Facultad de Contadur\u00eda y Administraci\u00f3n y el Instituto Tecnol\u00f3gico de Delicias, cuyos alumnos elaboraron coloridos tapetes con diversos motivos alusivos a la tradici\u00f3n mexicana. La celebraci\u00f3n fue encabezada por el presidente municipal Jes\u00fas Valenciano Garc\u00eda y su esposa Alma Limas, as\u00ed como el coordinador de Cultura Mario Guill\u00e9n Porras, quienes recorrieron cada uno de los tapetes y reconocieron el esfuerzo de los j\u00f3venes participantes, destacando la importancia de mantener vivas las costumbres que dan identidad y orgullo a los delicienses. Adem\u00e1s de la exposici\u00f3n de tapetes, la jornada estuvo acompa\u00f1ada por una verbena popular en la plaza principal, donde familias completas disfrutaron de antojitos t\u00edpicos, m\u00fasica y presentaciones art\u00edsticas que dieron un ambiente festivo a la conmemoraci\u00f3n. Como parte de las actividades, tambi\u00e9n se realiz\u00f3 la tradicional Muerteada, una alegre callejoneada que recorri\u00f3 las principales calles de la ciudad, llenando de color, alegr\u00eda y tradici\u00f3n el coraz\u00f3n de Delicias, en una noche dedicada a honrar y celebrar la vida y la memoria de quienes ya partieron.<\/p>\n","protected":false},"author":2,"featured_media":18555,"comment_status":"open","ping_status":"open","sticky":false,"template":"","format":"standard","meta":{"_monsterinsights_skip_tracking":false,"_monsterinsights_sitenote_active":false,"_monsterinsights_sitenote_note":"","_monsterinsights_sitenote_category":0,"advanced_seo_description":"","jetpack_seo_html_title":"","jetpack_seo_noindex":false,"_jetpack_memberships_contains_paid_content":false,"footnotes":"","jetpack_publicize_message":"","jetpack_publicize_feature_enabled":true,"jetpack_social_post_already_shared":true,"jetpack_social_options":{"image_generator_settings":{"template":"highway","enabled":false},"version":2}},"categories":[135,7,11],"tags":[],"class_list":["post-18554","post","type-post","status-publish","format-standard","has-post-thumbnail","hentry","category-lo-mas-leido","category-local","category-principal"],"jetpack_publicize_connections":[],"jetpack_sharing_enabled":true,"jetpack_featured_media_url":"https:\/\/i0.wp.com\/alcierrenoticias.com\/wp-content\/uploads\/2025\/11\/WhatsApp-Image-2025-11-01-at-9.51.55-AM.jpeg?fit=2560%2C1920&ssl=1","amp_enabled":true,"_links":{"self":[{"href":"https:\/\/alcierrenoticias.com\/index.php\/wp-json\/wp\/v2\/posts\/18554","targetHints":{"allow":["GET"]}}],"collection":[{"href":"https:\/\/alcierrenoticias.com\/index.php\/wp-json\/wp\/v2\/posts"}],"about":[{"href":"https:\/\/alcierrenoticias.com\/index.php\/wp-json\/wp\/v2\/types\/post"}],"author":[{"embeddable":true,"href":"https:\/\/alcierrenoticias.com\/index.php\/wp-json\/wp\/v2\/users\/2"}],"replies":[{"embeddable":true,"href":"https:\/\/alcierrenoticias.com\/index.php\/wp-json\/wp\/v2\/comments?post=18554"}],"version-history":[{"count":2,"href":"https:\/\/alcierrenoticias.com\/index.php\/wp-json\/wp\/v2\/posts\/18554\/revisions"}],"predecessor-version":[{"id":18557,"href":"https:\/\/alcierrenoticias.com\/index.php\/wp-json\/wp\/v2\/posts\/18554\/revisions\/18557"}],"wp:featuredmedia":[{"embeddable":true,"href":"https:\/\/alcierrenoticias.com\/index.php\/wp-json\/wp\/v2\/media\/18555"}],"wp:attachment":[{"href":"https:\/\/alcierrenoticias.com\/index.php\/wp-json\/wp\/v2\/media?parent=18554"}],"wp:term":[{"taxonomy":"category","embeddable":true,"href":"https:\/\/alcierrenoticias.com\/index.php\/wp-json\/wp\/v2\/categories?post=18554"},{"taxonomy":"post_tag","embeddable":true,"href":"https:\/\/alcierrenoticias.com\/index.php\/wp-json\/wp\/v2\/tags?post=18554"}],"curies":[{"name":"wp","href":"https:\/\/api.w.org\/{rel}","templated":true}]}}