{"id":18550,"date":"2025-10-31T20:56:40","date_gmt":"2025-11-01T02:56:40","guid":{"rendered":"https:\/\/alcierrenoticias.com\/?p=18550"},"modified":"2025-11-02T20:00:11","modified_gmt":"2025-11-03T02:00:11","slug":"presentan-en-meoqui-el-libro-los-monitos-de-meoqui-fantasia-psicosis-o-realidad-del-dr-javier-contreras","status":"publish","type":"post","link":"https:\/\/alcierrenoticias.com\/index.php\/2025\/10\/31\/presentan-en-meoqui-el-libro-los-monitos-de-meoqui-fantasia-psicosis-o-realidad-del-dr-javier-contreras\/","title":{"rendered":"Presentan en Meoqui el libro \u201cLos Monitos de Meoqui \u00bfFantas\u00eda, psicosis o realidad?\u201d Del Dr. Javier Contreras."},"content":{"rendered":"<p>\u201cLos monitos no s\u00f3lo son una leyenda, sino parte de nuestra identidad\u201d: alcaldesa Miriam Soto<\/p>\n<p>La alcaldesa Miriam Soto, el secretario de Turismo del Estado Edibray G\u00f3mez y el Dr. Javier Contreras, director de la Facultad de Filosof\u00eda y Letras de la Universidad Aut\u00f3noma de Chihuahua, encabezaron la presentaci\u00f3n del libro &#8220;Los Monitos de Meoqui \u00bfFantas\u00eda, psicosis o realidad?&#8221;, obra que revive y analiza la emblem\u00e1tica leyenda de los monitos de Meoqui desde el punto de vista period\u00edstico, surgida en 1987 y que desde entonces forma parte de la identidad de dicho municipio.<\/p>\n<p>Durante su mensaje, la alcaldesa Miriam Soto destac\u00f3 que esta historia ha trascendido generaciones y contin\u00faa vigente despu\u00e9s de 38 a\u00f1os, convirti\u00e9ndose en un s\u00edmbolo de orgullo para los meoquenses: \u201cAunque aquella historia comenz\u00f3 una noche cualquiera, se convirti\u00f3 en noticia, en corrido, en mito y ahora tambi\u00e9n en un libro. Los monitos no s\u00f3lo son una leyenda, sino parte de nuestra identidad; historias como \u00e9sta nos hacen re\u00edr, imaginar y sentirnos orgullosos de ser meoquense\u201d, expres\u00f3 la alcaldesa.<\/p>\n<p>Adem\u00e1s, reconoci\u00f3 el trabajo del Dr. Javier Contreras y su equipo de la Facultad de Filosof\u00eda y Letras de la UACH, quienes desarrollaron diversos productos culturales como un documental, un audiolibro y ensayos acad\u00e9micos sobre el fen\u00f3meno. Tambi\u00e9n agradeci\u00f3 el respaldo del secretario Edibray G\u00f3mez, con quien gestionaron la instalaci\u00f3n de la \u201cSala de los Monitos\u201d en la Biblioteca Municipal.<\/p>\n<p>Por su parte, el secretario de Turismo Edibray G\u00f3mez resalt\u00f3 la importancia de esta leyenda como atractivo cultural y tur\u00edstico para la regi\u00f3n: \u201cM\u00e1s all\u00e1 de una historia fant\u00e1stica, los monitos son un producto tur\u00edstico que nos distingue. Las leyendas nos unen, nos hacen recontar nuestra historia y darle identidad a los pueblos. Estoy seguro de que este proyecto ser\u00e1 el inicio de una gran jornada tur\u00edstica para Meoqui\u201d, se\u00f1al\u00f3.<\/p>\n<p>Fue el mismo Dr. Javier Contreras comparti\u00f3 el proceso detr\u00e1s de la creaci\u00f3n del libro y de los proyectos derivados de esta investigaci\u00f3n, realizados por estudiantes y docentes de la UACH: \u201cEste trabajo representa cuatro productos culturales: uno para leer, uno para ver, uno para escuchar y otro para conversar. Independientemente de si la historia fue cierta o no, las leyendas son parte esencial de la identidad y de la memoria colectiva\u201d, explic\u00f3.<\/p>\n<p>Por \u00faltimo, el autor del libro atendi\u00f3 a cada uno de los asistentes, firmando cada uno de los ejemplares, mismos que fueron obsequiados sin costo a los asistentes.<\/p>\n","protected":false},"excerpt":{"rendered":"<p>\u201cLos monitos no s\u00f3lo son una leyenda, sino parte de nuestra identidad\u201d: alcaldesa Miriam Soto La alcaldesa Miriam Soto, el secretario de Turismo del Estado Edibray G\u00f3mez y el Dr. Javier Contreras, director de la Facultad de Filosof\u00eda y Letras de la Universidad Aut\u00f3noma de Chihuahua, encabezaron la presentaci\u00f3n del libro &#8220;Los Monitos de Meoqui \u00bfFantas\u00eda, psicosis o realidad?&#8221;, obra que revive y analiza la emblem\u00e1tica leyenda de los monitos de Meoqui desde el punto de vista period\u00edstico, surgida en 1987 y que desde entonces forma parte de la identidad de dicho municipio. Durante su mensaje, la alcaldesa Miriam Soto destac\u00f3 que esta historia ha trascendido generaciones y contin\u00faa vigente despu\u00e9s de 38 a\u00f1os, convirti\u00e9ndose en un s\u00edmbolo de orgullo para los meoquenses: \u201cAunque aquella historia comenz\u00f3 una noche cualquiera, se convirti\u00f3 en noticia, en corrido, en mito y ahora tambi\u00e9n en un libro. Los monitos no s\u00f3lo son una leyenda, sino parte de nuestra identidad; historias como \u00e9sta nos hacen re\u00edr, imaginar y sentirnos orgullosos de ser meoquense\u201d, expres\u00f3 la alcaldesa. Adem\u00e1s, reconoci\u00f3 el trabajo del Dr. Javier Contreras y su equipo de la Facultad de Filosof\u00eda y Letras de la UACH, quienes desarrollaron diversos productos culturales como un documental, un audiolibro y ensayos acad\u00e9micos sobre el fen\u00f3meno. Tambi\u00e9n agradeci\u00f3 el respaldo del secretario Edibray G\u00f3mez, con quien gestionaron la instalaci\u00f3n de la \u201cSala de los Monitos\u201d en la Biblioteca Municipal. Por su parte, el secretario de Turismo Edibray G\u00f3mez resalt\u00f3 la importancia de esta leyenda como atractivo cultural y tur\u00edstico para la regi\u00f3n: \u201cM\u00e1s all\u00e1 de una historia fant\u00e1stica, los monitos son un producto tur\u00edstico que nos distingue. Las leyendas nos unen, nos hacen recontar nuestra historia y darle identidad a los pueblos. Estoy seguro de que este proyecto ser\u00e1 el inicio de una gran jornada tur\u00edstica para Meoqui\u201d, se\u00f1al\u00f3. Fue el mismo Dr. Javier Contreras comparti\u00f3 el proceso detr\u00e1s de la creaci\u00f3n del libro y de los proyectos derivados de esta investigaci\u00f3n, realizados por estudiantes y docentes de la UACH: \u201cEste trabajo representa cuatro productos culturales: uno para leer, uno para ver, uno para escuchar y otro para conversar. Independientemente de si la historia fue cierta o no, las leyendas son parte esencial de la identidad y de la memoria colectiva\u201d, explic\u00f3. Por \u00faltimo, el autor del libro atendi\u00f3 a cada uno de los asistentes, firmando cada uno de los ejemplares, mismos que fueron obsequiados sin costo a los asistentes.<\/p>\n","protected":false},"author":2,"featured_media":18551,"comment_status":"open","ping_status":"open","sticky":false,"template":"","format":"standard","meta":{"_monsterinsights_skip_tracking":false,"_monsterinsights_sitenote_active":false,"_monsterinsights_sitenote_note":"","_monsterinsights_sitenote_category":0,"advanced_seo_description":"","jetpack_seo_html_title":"","jetpack_seo_noindex":false,"_jetpack_memberships_contains_paid_content":false,"footnotes":"","jetpack_publicize_message":"","jetpack_publicize_feature_enabled":true,"jetpack_social_post_already_shared":true,"jetpack_social_options":{"image_generator_settings":{"template":"highway","enabled":false},"version":2}},"categories":[135,7,11],"tags":[],"class_list":["post-18550","post","type-post","status-publish","format-standard","has-post-thumbnail","hentry","category-lo-mas-leido","category-local","category-principal"],"jetpack_publicize_connections":[],"jetpack_sharing_enabled":true,"jetpack_featured_media_url":"https:\/\/i0.wp.com\/alcierrenoticias.com\/wp-content\/uploads\/2025\/11\/WhatsApp-Image-2025-10-31-at-9.17.33-PM.jpeg?fit=1600%2C1066&ssl=1","amp_enabled":true,"_links":{"self":[{"href":"https:\/\/alcierrenoticias.com\/index.php\/wp-json\/wp\/v2\/posts\/18550","targetHints":{"allow":["GET"]}}],"collection":[{"href":"https:\/\/alcierrenoticias.com\/index.php\/wp-json\/wp\/v2\/posts"}],"about":[{"href":"https:\/\/alcierrenoticias.com\/index.php\/wp-json\/wp\/v2\/types\/post"}],"author":[{"embeddable":true,"href":"https:\/\/alcierrenoticias.com\/index.php\/wp-json\/wp\/v2\/users\/2"}],"replies":[{"embeddable":true,"href":"https:\/\/alcierrenoticias.com\/index.php\/wp-json\/wp\/v2\/comments?post=18550"}],"version-history":[{"count":2,"href":"https:\/\/alcierrenoticias.com\/index.php\/wp-json\/wp\/v2\/posts\/18550\/revisions"}],"predecessor-version":[{"id":18553,"href":"https:\/\/alcierrenoticias.com\/index.php\/wp-json\/wp\/v2\/posts\/18550\/revisions\/18553"}],"wp:featuredmedia":[{"embeddable":true,"href":"https:\/\/alcierrenoticias.com\/index.php\/wp-json\/wp\/v2\/media\/18551"}],"wp:attachment":[{"href":"https:\/\/alcierrenoticias.com\/index.php\/wp-json\/wp\/v2\/media?parent=18550"}],"wp:term":[{"taxonomy":"category","embeddable":true,"href":"https:\/\/alcierrenoticias.com\/index.php\/wp-json\/wp\/v2\/categories?post=18550"},{"taxonomy":"post_tag","embeddable":true,"href":"https:\/\/alcierrenoticias.com\/index.php\/wp-json\/wp\/v2\/tags?post=18550"}],"curies":[{"name":"wp","href":"https:\/\/api.w.org\/{rel}","templated":true}]}}