{"id":18529,"date":"2025-10-30T17:03:42","date_gmt":"2025-10-30T23:03:42","guid":{"rendered":"https:\/\/alcierrenoticias.com\/?p=18529"},"modified":"2025-11-02T19:37:48","modified_gmt":"2025-11-03T01:37:48","slug":"entrega-jesus-valenciano-red-de-agua-potable-en-la-ampliacion-campesina","status":"publish","type":"post","link":"https:\/\/alcierrenoticias.com\/index.php\/2025\/10\/30\/entrega-jesus-valenciano-red-de-agua-potable-en-la-ampliacion-campesina\/","title":{"rendered":"Entrega Jes\u00fas Valenciano red de agua potable en la Ampliaci\u00f3n Campesina."},"content":{"rendered":"<p>Las familias de la Ampliaci\u00f3n Campesina ahora disfrutan de un servicio de agua potable m\u00e1s eficiente y digno gracias a la entrega de la nueva red de distribuci\u00f3n realizada por el presidente municipal Jes\u00fas Valenciano Garc\u00eda, en coordinaci\u00f3n con la Junta Municipal de Agua y Saneamiento (JMAS). Aunque este sector ya contaba con acceso al servicio, las viviendas no ten\u00edan tomas domiciliarias directas, por lo que esta obra representa una mejora sustancial en la calidad y regularidad del suministro para decenas de hogares.<\/p>\n<p>Lo anterior se realiz\u00f3 en el campo de futbol de la Ampliaci\u00f3n Campesina, donde tambi\u00e9n el Gobierno Municipal de Delicias ha apoyado con la instalaci\u00f3n de gradas, brindando a los vecinos un espacio adecuado para el disfrute de los partidos y la convivencia familiar. Este punto se ha convertido en un lugar de encuentro para la comunidad, que ahora celebra no solo el deporte, sino tambi\u00e9n el avance en servicios b\u00e1sicos que mejoran su entorno.<\/p>\n<p>Durante su visita, Valenciano Garc\u00eda destac\u00f3 que la ampliaci\u00f3n y modernizaci\u00f3n de la red responde a una de las peticiones m\u00e1s sentidas de los vecinos. \u201cHoy por fin todos los habitantes de la ampliaci\u00f3n de la Campesina cuentan con un servicio formal de agua potable, con tomas hacia sus domicilios; son casi 2 mil metros lineales de red que significan progreso, salud y dignidad para las familias\u201d, expres\u00f3 el alcalde mientras conviv\u00eda con los vecinos.<\/p>\n<p>El presidente municipal subray\u00f3 que, adem\u00e1s de esta obra, en el \u00faltimo a\u00f1o y medio se han realizado importantes inversiones en infraestructura dentro de la colonia Campesina. Mencion\u00f3 la pavimentaci\u00f3n de la avenida Sicomoro, con una inversi\u00f3n cercana a los 2.5 millones de pesos, y otra vialidad principal que conecta el k\u00ednder, la primaria y la telesecundaria del sector, donde se instalaron tomas domiciliarias y un colector sanitario con una inversi\u00f3n de m\u00e1s de 4.5 millones de pesos.<\/p>\n<p>\u201cSi sumamos todo, estamos hablando de m\u00e1s de 12 millones de pesos invertidos solo en la colonia Campesina, y eso es posible gracias a la aportaci\u00f3n de los delicienses a trav\u00e9s del pago del impuesto predial, que nos permite empatar recursos con el Gobierno del Estado\u201d, se\u00f1al\u00f3 Valenciano, Garc\u00eda quien reconoci\u00f3 tambi\u00e9n el compromiso de los vecinos por seguir participando activamente en la mejora de su comunidad.<\/p>\n<p>En el recorrido participaron la s\u00edndica municipal Gabriela Franco D\u00edaz, el director ejecutivo de la JMAS, Juan Carlos Velasco, el director de Obras P\u00fablicas, Alfonso Rodr\u00edguez Porras, y el titular de Atenci\u00f3n Ciudadana, Esteban Grajeola, quienes coincidieron en que esta obra no solo mejora la infraestructura urbana, sino que dignifica el d\u00eda a d\u00eda de las familias y fortalece la vida comunitaria en el sur de Delicias.<\/p>\n","protected":false},"excerpt":{"rendered":"<p>Las familias de la Ampliaci\u00f3n Campesina ahora disfrutan de un servicio de agua potable m\u00e1s eficiente y digno gracias a la entrega de la nueva red de distribuci\u00f3n realizada por el presidente municipal Jes\u00fas Valenciano Garc\u00eda, en coordinaci\u00f3n con la Junta Municipal de Agua y Saneamiento (JMAS). Aunque este sector ya contaba con acceso al servicio, las viviendas no ten\u00edan tomas domiciliarias directas, por lo que esta obra representa una mejora sustancial en la calidad y regularidad del suministro para decenas de hogares. Lo anterior se realiz\u00f3 en el campo de futbol de la Ampliaci\u00f3n Campesina, donde tambi\u00e9n el Gobierno Municipal de Delicias ha apoyado con la instalaci\u00f3n de gradas, brindando a los vecinos un espacio adecuado para el disfrute de los partidos y la convivencia familiar. Este punto se ha convertido en un lugar de encuentro para la comunidad, que ahora celebra no solo el deporte, sino tambi\u00e9n el avance en servicios b\u00e1sicos que mejoran su entorno. Durante su visita, Valenciano Garc\u00eda destac\u00f3 que la ampliaci\u00f3n y modernizaci\u00f3n de la red responde a una de las peticiones m\u00e1s sentidas de los vecinos. \u201cHoy por fin todos los habitantes de la ampliaci\u00f3n de la Campesina cuentan con un servicio formal de agua potable, con tomas hacia sus domicilios; son casi 2 mil metros lineales de red que significan progreso, salud y dignidad para las familias\u201d, expres\u00f3 el alcalde mientras conviv\u00eda con los vecinos. El presidente municipal subray\u00f3 que, adem\u00e1s de esta obra, en el \u00faltimo a\u00f1o y medio se han realizado importantes inversiones en infraestructura dentro de la colonia Campesina. Mencion\u00f3 la pavimentaci\u00f3n de la avenida Sicomoro, con una inversi\u00f3n cercana a los 2.5 millones de pesos, y otra vialidad principal que conecta el k\u00ednder, la primaria y la telesecundaria del sector, donde se instalaron tomas domiciliarias y un colector sanitario con una inversi\u00f3n de m\u00e1s de 4.5 millones de pesos. \u201cSi sumamos todo, estamos hablando de m\u00e1s de 12 millones de pesos invertidos solo en la colonia Campesina, y eso es posible gracias a la aportaci\u00f3n de los delicienses a trav\u00e9s del pago del impuesto predial, que nos permite empatar recursos con el Gobierno del Estado\u201d, se\u00f1al\u00f3 Valenciano, Garc\u00eda quien reconoci\u00f3 tambi\u00e9n el compromiso de los vecinos por seguir participando activamente en la mejora de su comunidad. En el recorrido participaron la s\u00edndica municipal Gabriela Franco D\u00edaz, el director ejecutivo de la JMAS, Juan Carlos Velasco, el director de Obras P\u00fablicas, Alfonso Rodr\u00edguez Porras, y el titular de Atenci\u00f3n Ciudadana, Esteban Grajeola, quienes coincidieron en que esta obra no solo mejora la infraestructura urbana, sino que dignifica el d\u00eda a d\u00eda de las familias y fortalece la vida comunitaria en el sur de Delicias.<\/p>\n","protected":false},"author":2,"featured_media":18530,"comment_status":"open","ping_status":"open","sticky":false,"template":"","format":"standard","meta":{"_monsterinsights_skip_tracking":false,"_monsterinsights_sitenote_active":false,"_monsterinsights_sitenote_note":"","_monsterinsights_sitenote_category":0,"advanced_seo_description":"","jetpack_seo_html_title":"","jetpack_seo_noindex":false,"_jetpack_memberships_contains_paid_content":false,"footnotes":"","jetpack_publicize_message":"","jetpack_publicize_feature_enabled":true,"jetpack_social_post_already_shared":true,"jetpack_social_options":{"image_generator_settings":{"template":"highway","enabled":false},"version":2}},"categories":[135,7,11],"tags":[],"class_list":["post-18529","post","type-post","status-publish","format-standard","has-post-thumbnail","hentry","category-lo-mas-leido","category-local","category-principal"],"jetpack_publicize_connections":[],"jetpack_sharing_enabled":true,"jetpack_featured_media_url":"https:\/\/i0.wp.com\/alcierrenoticias.com\/wp-content\/uploads\/2025\/11\/WhatsApp-Image-2025-10-30-at-4.51.40-PM.jpeg?fit=2560%2C1920&ssl=1","amp_enabled":true,"_links":{"self":[{"href":"https:\/\/alcierrenoticias.com\/index.php\/wp-json\/wp\/v2\/posts\/18529","targetHints":{"allow":["GET"]}}],"collection":[{"href":"https:\/\/alcierrenoticias.com\/index.php\/wp-json\/wp\/v2\/posts"}],"about":[{"href":"https:\/\/alcierrenoticias.com\/index.php\/wp-json\/wp\/v2\/types\/post"}],"author":[{"embeddable":true,"href":"https:\/\/alcierrenoticias.com\/index.php\/wp-json\/wp\/v2\/users\/2"}],"replies":[{"embeddable":true,"href":"https:\/\/alcierrenoticias.com\/index.php\/wp-json\/wp\/v2\/comments?post=18529"}],"version-history":[{"count":2,"href":"https:\/\/alcierrenoticias.com\/index.php\/wp-json\/wp\/v2\/posts\/18529\/revisions"}],"predecessor-version":[{"id":18532,"href":"https:\/\/alcierrenoticias.com\/index.php\/wp-json\/wp\/v2\/posts\/18529\/revisions\/18532"}],"wp:featuredmedia":[{"embeddable":true,"href":"https:\/\/alcierrenoticias.com\/index.php\/wp-json\/wp\/v2\/media\/18530"}],"wp:attachment":[{"href":"https:\/\/alcierrenoticias.com\/index.php\/wp-json\/wp\/v2\/media?parent=18529"}],"wp:term":[{"taxonomy":"category","embeddable":true,"href":"https:\/\/alcierrenoticias.com\/index.php\/wp-json\/wp\/v2\/categories?post=18529"},{"taxonomy":"post_tag","embeddable":true,"href":"https:\/\/alcierrenoticias.com\/index.php\/wp-json\/wp\/v2\/tags?post=18529"}],"curies":[{"name":"wp","href":"https:\/\/api.w.org\/{rel}","templated":true}]}}