{"id":18525,"date":"2025-10-30T09:28:10","date_gmt":"2025-10-30T15:28:10","guid":{"rendered":"https:\/\/alcierrenoticias.com\/?p=18525"},"modified":"2025-11-02T19:32:40","modified_gmt":"2025-11-03T01:32:40","slug":"no-habra-incremento-al-impuesto-predial-para-2026-jesus-valenciano","status":"publish","type":"post","link":"https:\/\/alcierrenoticias.com\/index.php\/2025\/10\/30\/no-habra-incremento-al-impuesto-predial-para-2026-jesus-valenciano\/","title":{"rendered":"No habr\u00e1 incremento al impuesto predial para 2026: Jes\u00fas Valenciano."},"content":{"rendered":"<p>Durante la sesi\u00f3n extraordinaria de Cabildo celebrada este mi\u00e9rcoles, el presidente municipal de Delicias, Jes\u00fas Valenciano Garc\u00eda, anunci\u00f3 que no habr\u00e1 incremento en el impuesto predial para el pr\u00f3ximo a\u00f1o, en apoyo a las familias del municipio y al sector productivo que enfrenta una dif\u00edcil situaci\u00f3n derivada de la crisis h\u00eddrica en la regi\u00f3n.<\/p>\n<p>El alcalde explic\u00f3 que el Cabildo aprob\u00f3 la tabla de valores unitarios que servir\u00e1 de base para la elaboraci\u00f3n del proyecto de Ley de Ingresos 2026, destacando que si bien existen ajustes por el crecimiento urbano y la incorporaci\u00f3n de nuevas \u00e1reas comerciales, se decidi\u00f3 mantener sin cambios los valores aplicables al impuesto predial.<\/p>\n<p>\u201cTomamos esta determinaci\u00f3n conscientes de la situaci\u00f3n que viven nuestros productores agr\u00edcolas, quienes contin\u00faan sin certidumbre sobre el volumen de agua disponible en las presas y enfrentan adem\u00e1s la incertidumbre por las reformas a la Ley de Aguas Nacionales. No es momento de cargar m\u00e1s al ciudadano, sino de acompa\u00f1arlo\u201d, expres\u00f3 Valenciano.<\/p>\n<p>El mandatario municipal subray\u00f3 que la medida busca contribuir a la estabilidad econ\u00f3mica de las familias y al mismo tiempo dar certidumbre al sector agr\u00edcola y comercial de la regi\u00f3n, en un contexto en el que Delicias sigue consolid\u00e1ndose como motor de desarrollo para el centro-sur del estado.<\/p>\n","protected":false},"excerpt":{"rendered":"<p>Durante la sesi\u00f3n extraordinaria de Cabildo celebrada este mi\u00e9rcoles, el presidente municipal de Delicias, Jes\u00fas Valenciano Garc\u00eda, anunci\u00f3 que no habr\u00e1 incremento en el impuesto predial para el pr\u00f3ximo a\u00f1o, en apoyo a las familias del municipio y al sector productivo que enfrenta una dif\u00edcil situaci\u00f3n derivada de la crisis h\u00eddrica en la regi\u00f3n. El alcalde explic\u00f3 que el Cabildo aprob\u00f3 la tabla de valores unitarios que servir\u00e1 de base para la elaboraci\u00f3n del proyecto de Ley de Ingresos 2026, destacando que si bien existen ajustes por el crecimiento urbano y la incorporaci\u00f3n de nuevas \u00e1reas comerciales, se decidi\u00f3 mantener sin cambios los valores aplicables al impuesto predial. \u201cTomamos esta determinaci\u00f3n conscientes de la situaci\u00f3n que viven nuestros productores agr\u00edcolas, quienes contin\u00faan sin certidumbre sobre el volumen de agua disponible en las presas y enfrentan adem\u00e1s la incertidumbre por las reformas a la Ley de Aguas Nacionales. No es momento de cargar m\u00e1s al ciudadano, sino de acompa\u00f1arlo\u201d, expres\u00f3 Valenciano. El mandatario municipal subray\u00f3 que la medida busca contribuir a la estabilidad econ\u00f3mica de las familias y al mismo tiempo dar certidumbre al sector agr\u00edcola y comercial de la regi\u00f3n, en un contexto en el que Delicias sigue consolid\u00e1ndose como motor de desarrollo para el centro-sur del estado.<\/p>\n","protected":false},"author":2,"featured_media":18526,"comment_status":"open","ping_status":"open","sticky":false,"template":"","format":"standard","meta":{"_monsterinsights_skip_tracking":false,"_monsterinsights_sitenote_active":false,"_monsterinsights_sitenote_note":"","_monsterinsights_sitenote_category":0,"advanced_seo_description":"","jetpack_seo_html_title":"","jetpack_seo_noindex":false,"_jetpack_memberships_contains_paid_content":false,"footnotes":"","jetpack_publicize_message":"","jetpack_publicize_feature_enabled":true,"jetpack_social_post_already_shared":true,"jetpack_social_options":{"image_generator_settings":{"template":"highway","enabled":false},"version":2}},"categories":[135,7,11],"tags":[],"class_list":["post-18525","post","type-post","status-publish","format-standard","has-post-thumbnail","hentry","category-lo-mas-leido","category-local","category-principal"],"jetpack_publicize_connections":[],"jetpack_sharing_enabled":true,"jetpack_featured_media_url":"https:\/\/i0.wp.com\/alcierrenoticias.com\/wp-content\/uploads\/2025\/11\/WhatsApp-Image-2025-10-30-at-9.14.23-AM.jpeg?fit=2560%2C1920&ssl=1","amp_enabled":true,"_links":{"self":[{"href":"https:\/\/alcierrenoticias.com\/index.php\/wp-json\/wp\/v2\/posts\/18525","targetHints":{"allow":["GET"]}}],"collection":[{"href":"https:\/\/alcierrenoticias.com\/index.php\/wp-json\/wp\/v2\/posts"}],"about":[{"href":"https:\/\/alcierrenoticias.com\/index.php\/wp-json\/wp\/v2\/types\/post"}],"author":[{"embeddable":true,"href":"https:\/\/alcierrenoticias.com\/index.php\/wp-json\/wp\/v2\/users\/2"}],"replies":[{"embeddable":true,"href":"https:\/\/alcierrenoticias.com\/index.php\/wp-json\/wp\/v2\/comments?post=18525"}],"version-history":[{"count":2,"href":"https:\/\/alcierrenoticias.com\/index.php\/wp-json\/wp\/v2\/posts\/18525\/revisions"}],"predecessor-version":[{"id":18528,"href":"https:\/\/alcierrenoticias.com\/index.php\/wp-json\/wp\/v2\/posts\/18525\/revisions\/18528"}],"wp:featuredmedia":[{"embeddable":true,"href":"https:\/\/alcierrenoticias.com\/index.php\/wp-json\/wp\/v2\/media\/18526"}],"wp:attachment":[{"href":"https:\/\/alcierrenoticias.com\/index.php\/wp-json\/wp\/v2\/media?parent=18525"}],"wp:term":[{"taxonomy":"category","embeddable":true,"href":"https:\/\/alcierrenoticias.com\/index.php\/wp-json\/wp\/v2\/categories?post=18525"},{"taxonomy":"post_tag","embeddable":true,"href":"https:\/\/alcierrenoticias.com\/index.php\/wp-json\/wp\/v2\/tags?post=18525"}],"curies":[{"name":"wp","href":"https:\/\/api.w.org\/{rel}","templated":true}]}}