{"id":18514,"date":"2025-10-27T16:40:12","date_gmt":"2025-10-27T22:40:12","guid":{"rendered":"https:\/\/alcierrenoticias.com\/?p=18514"},"modified":"2025-10-27T23:54:42","modified_gmt":"2025-10-28T05:54:42","slug":"invitan-en-meoqui-al-paseo-entre-tumbas-y-flores-del-29-al-31-de-octubre","status":"publish","type":"post","link":"https:\/\/alcierrenoticias.com\/index.php\/2025\/10\/27\/invitan-en-meoqui-al-paseo-entre-tumbas-y-flores-del-29-al-31-de-octubre\/","title":{"rendered":"Invitan en Meoqui al paseo \u201cEntre Tumbas y Flores\u201d del 29 al 31 de octubre."},"content":{"rendered":"<p>Las familias de la regi\u00f3n podr\u00e1n disfrutar de un paseo por el Pante\u00f3n Municipal, as\u00ed como en un campo de flores de la temporada<\/p>\n<p>Como parte del Festival &#8220;Almas de Fiesta en Meoqui\u201d, del 29 al 31 de octubre se llevar\u00e1 a cabo el recorrido \u201cEntre Tumbas y Flores\u201d las familias de la regi\u00f3n podr\u00e1n disfrutar de un paseo por el Pante\u00f3n Municipal, as\u00ed como en un campo de flores de la temporada como lo es el cempas\u00fachil, partiendo desde la explanada de Presidencia Municipal de Meoqui, a las 4 de la tarde, teniendo un costo simb\u00f3lico de 20 pesos, mismos que ser\u00e1n entregados directamente al productor de flores.<\/p>\n<p>El profesor Francisco Gonz\u00e1lez, director de Promoci\u00f3n Regional e Historia, inform\u00f3 que se busca resaltar la importancia de los productores locales que, pese a las condiciones dif\u00edciles por la sequ\u00eda, contin\u00faan ofreciendo flores representativas y de gran belleza para la temporada: \u201cEl Gobierno Municipal, encabezado por la alcaldesa Miriam Soto, quiere dar a conocer las flores y los floricultores que en Meoqui tienen una gran trayectoria en este ramo. Este a\u00f1o ha sido m\u00e1s complicado por la sequ\u00eda, pero s\u00ed tenemos oportunidad de ofrecer algunos predios con flores bastante representativas y bonitas de la temporada\u201d, mencion\u00f3.<\/p>\n<p>Asimismo, detall\u00f3 que el costo ser\u00e1 simb\u00f3lico, ya que el recurso recaudado se destinar\u00e1 al productor que permite el acceso a su predio, como una forma de apoyo y reconocimiento a su trabajo: \u201cLos invitamos a que est\u00e9n a las cuatro de la tarde, en los portales de Presidencia Municipal. Haremos el recorrido en el pante\u00f3n y luego visitaremos el predio en Loreto, donde el agricultor nos explicar\u00e1 el proceso del cultivo\u201d, concluy\u00f3.<\/p>\n","protected":false},"excerpt":{"rendered":"<p>Las familias de la regi\u00f3n podr\u00e1n disfrutar de un paseo por el Pante\u00f3n Municipal, as\u00ed como en un campo de flores de la temporada Como parte del Festival &#8220;Almas de Fiesta en Meoqui\u201d, del 29 al 31 de octubre se llevar\u00e1 a cabo el recorrido \u201cEntre Tumbas y Flores\u201d las familias de la regi\u00f3n podr\u00e1n disfrutar de un paseo por el Pante\u00f3n Municipal, as\u00ed como en un campo de flores de la temporada como lo es el cempas\u00fachil, partiendo desde la explanada de Presidencia Municipal de Meoqui, a las 4 de la tarde, teniendo un costo simb\u00f3lico de 20 pesos, mismos que ser\u00e1n entregados directamente al productor de flores. El profesor Francisco Gonz\u00e1lez, director de Promoci\u00f3n Regional e Historia, inform\u00f3 que se busca resaltar la importancia de los productores locales que, pese a las condiciones dif\u00edciles por la sequ\u00eda, contin\u00faan ofreciendo flores representativas y de gran belleza para la temporada: \u201cEl Gobierno Municipal, encabezado por la alcaldesa Miriam Soto, quiere dar a conocer las flores y los floricultores que en Meoqui tienen una gran trayectoria en este ramo. Este a\u00f1o ha sido m\u00e1s complicado por la sequ\u00eda, pero s\u00ed tenemos oportunidad de ofrecer algunos predios con flores bastante representativas y bonitas de la temporada\u201d, mencion\u00f3. Asimismo, detall\u00f3 que el costo ser\u00e1 simb\u00f3lico, ya que el recurso recaudado se destinar\u00e1 al productor que permite el acceso a su predio, como una forma de apoyo y reconocimiento a su trabajo: \u201cLos invitamos a que est\u00e9n a las cuatro de la tarde, en los portales de Presidencia Municipal. Haremos el recorrido en el pante\u00f3n y luego visitaremos el predio en Loreto, donde el agricultor nos explicar\u00e1 el proceso del cultivo\u201d, concluy\u00f3.<\/p>\n","protected":false},"author":2,"featured_media":18515,"comment_status":"open","ping_status":"open","sticky":false,"template":"","format":"standard","meta":{"_monsterinsights_skip_tracking":false,"_monsterinsights_sitenote_active":false,"_monsterinsights_sitenote_note":"","_monsterinsights_sitenote_category":0,"advanced_seo_description":"","jetpack_seo_html_title":"","jetpack_seo_noindex":false,"_jetpack_memberships_contains_paid_content":false,"footnotes":"","jetpack_publicize_message":"","jetpack_publicize_feature_enabled":true,"jetpack_social_post_already_shared":true,"jetpack_social_options":{"image_generator_settings":{"template":"highway","enabled":false},"version":2}},"categories":[135,7,11],"tags":[],"class_list":["post-18514","post","type-post","status-publish","format-standard","has-post-thumbnail","hentry","category-lo-mas-leido","category-local","category-principal"],"jetpack_publicize_connections":[],"jetpack_sharing_enabled":true,"jetpack_featured_media_url":"https:\/\/i0.wp.com\/alcierrenoticias.com\/wp-content\/uploads\/2025\/10\/WhatsApp-Image-2025-10-27-at-4.30.04-PM-e1761630876389.jpeg?fit=500%2C501&ssl=1","amp_enabled":true,"_links":{"self":[{"href":"https:\/\/alcierrenoticias.com\/index.php\/wp-json\/wp\/v2\/posts\/18514","targetHints":{"allow":["GET"]}}],"collection":[{"href":"https:\/\/alcierrenoticias.com\/index.php\/wp-json\/wp\/v2\/posts"}],"about":[{"href":"https:\/\/alcierrenoticias.com\/index.php\/wp-json\/wp\/v2\/types\/post"}],"author":[{"embeddable":true,"href":"https:\/\/alcierrenoticias.com\/index.php\/wp-json\/wp\/v2\/users\/2"}],"replies":[{"embeddable":true,"href":"https:\/\/alcierrenoticias.com\/index.php\/wp-json\/wp\/v2\/comments?post=18514"}],"version-history":[{"count":2,"href":"https:\/\/alcierrenoticias.com\/index.php\/wp-json\/wp\/v2\/posts\/18514\/revisions"}],"predecessor-version":[{"id":18517,"href":"https:\/\/alcierrenoticias.com\/index.php\/wp-json\/wp\/v2\/posts\/18514\/revisions\/18517"}],"wp:featuredmedia":[{"embeddable":true,"href":"https:\/\/alcierrenoticias.com\/index.php\/wp-json\/wp\/v2\/media\/18515"}],"wp:attachment":[{"href":"https:\/\/alcierrenoticias.com\/index.php\/wp-json\/wp\/v2\/media?parent=18514"}],"wp:term":[{"taxonomy":"category","embeddable":true,"href":"https:\/\/alcierrenoticias.com\/index.php\/wp-json\/wp\/v2\/categories?post=18514"},{"taxonomy":"post_tag","embeddable":true,"href":"https:\/\/alcierrenoticias.com\/index.php\/wp-json\/wp\/v2\/tags?post=18514"}],"curies":[{"name":"wp","href":"https:\/\/api.w.org\/{rel}","templated":true}]}}