{"id":18510,"date":"2025-10-27T15:10:31","date_gmt":"2025-10-27T21:10:31","guid":{"rendered":"https:\/\/alcierrenoticias.com\/?p=18510"},"modified":"2025-10-27T23:53:01","modified_gmt":"2025-10-28T05:53:01","slug":"recorre-valenciano-el-panteon-municipal-para-garantizar-espacios-dignos-y-limpios","status":"publish","type":"post","link":"https:\/\/alcierrenoticias.com\/index.php\/2025\/10\/27\/recorre-valenciano-el-panteon-municipal-para-garantizar-espacios-dignos-y-limpios\/","title":{"rendered":"Recorre Valenciano el Pante\u00f3n Municipal para garantizar espacios dignos y limpios."},"content":{"rendered":"<p>A pocos d\u00edas del D\u00eda de Muertos, el presidente municipal Jes\u00fas Valenciano Garc\u00eda supervis\u00f3 personalmente los trabajos de limpieza y mantenimiento en el Pante\u00f3n Municipal de Delicias, donde constat\u00f3 que todo se encuentra pr\u00e1cticamente listo para recibir a las miles de familias que cada a\u00f1o acuden a rendir homenaje a sus seres queridos.<\/p>\n<p>Acompa\u00f1ado por el titular de Servicios P\u00fablicos Municipales, Carlos Rodr\u00edguez, el alcalde destac\u00f3 el compromiso del personal que ha trabajado intensamente para que los espacios est\u00e9n en \u00f3ptimas condiciones.<\/p>\n<p>Durante el recorrido, inform\u00f3 que los trabajos presentan un avance superior al 90% en los siete panteones municipales: El Pante\u00f3n Municipal, Recuerdo 1, 2 y 3, San Juan Pablo II, Guadalupe y La Terrazas, donde se han realizado acciones de pintura, retiro de maleza, limpieza general y rehabilitaci\u00f3n de piletas. \u201cQuiero agradecerle a Carlos Rodr\u00edguez y a todo su equipo, porque han hecho un gran esfuerzo para que nuestras familias puedan acudir con seguridad y tranquilidad a recordar a quienes ya partieron\u201d, expres\u00f3.<\/p>\n<p>El alcalde adelant\u00f3 que, debido a que este a\u00f1o el 2 de noviembre cae en domingo, se espera una afluencia superior a las 10 mil personas en los distintos panteones. Por lo que resalt\u00f3 que el operativo especial incluye el apoyo de Seguridad P\u00fablica, Vialidad, Protecci\u00f3n Civil y Servicios P\u00fablicos Municipales, entre otras \u00e1reas, quienes trabajar\u00e1n coordinadamente para garantizar un acceso ordenado, seguro y fluido durante las jornadas.<\/p>\n<p>Finalmente, el presidente municipal invit\u00f3 a la poblaci\u00f3n a asistir de forma responsable, respetando los espacios de los vecinos y las \u00e1reas de estacionamiento. \u201cLes pedimos venir preparados, con agua y alimentos, porque quiz\u00e1 haya que caminar algunas cuadras. Lo m\u00e1s importante es que vivamos esta tradici\u00f3n con respeto, con amor y con gratitud hacia nuestros seres queridos, en un ambiente seguro y familiar\u201d, concluy\u00f3.<\/p>\n","protected":false},"excerpt":{"rendered":"<p>A pocos d\u00edas del D\u00eda de Muertos, el presidente municipal Jes\u00fas Valenciano Garc\u00eda supervis\u00f3 personalmente los trabajos de limpieza y mantenimiento en el Pante\u00f3n Municipal de Delicias, donde constat\u00f3 que todo se encuentra pr\u00e1cticamente listo para recibir a las miles de familias que cada a\u00f1o acuden a rendir homenaje a sus seres queridos. Acompa\u00f1ado por el titular de Servicios P\u00fablicos Municipales, Carlos Rodr\u00edguez, el alcalde destac\u00f3 el compromiso del personal que ha trabajado intensamente para que los espacios est\u00e9n en \u00f3ptimas condiciones. Durante el recorrido, inform\u00f3 que los trabajos presentan un avance superior al 90% en los siete panteones municipales: El Pante\u00f3n Municipal, Recuerdo 1, 2 y 3, San Juan Pablo II, Guadalupe y La Terrazas, donde se han realizado acciones de pintura, retiro de maleza, limpieza general y rehabilitaci\u00f3n de piletas. \u201cQuiero agradecerle a Carlos Rodr\u00edguez y a todo su equipo, porque han hecho un gran esfuerzo para que nuestras familias puedan acudir con seguridad y tranquilidad a recordar a quienes ya partieron\u201d, expres\u00f3. El alcalde adelant\u00f3 que, debido a que este a\u00f1o el 2 de noviembre cae en domingo, se espera una afluencia superior a las 10 mil personas en los distintos panteones. Por lo que resalt\u00f3 que el operativo especial incluye el apoyo de Seguridad P\u00fablica, Vialidad, Protecci\u00f3n Civil y Servicios P\u00fablicos Municipales, entre otras \u00e1reas, quienes trabajar\u00e1n coordinadamente para garantizar un acceso ordenado, seguro y fluido durante las jornadas. Finalmente, el presidente municipal invit\u00f3 a la poblaci\u00f3n a asistir de forma responsable, respetando los espacios de los vecinos y las \u00e1reas de estacionamiento. \u201cLes pedimos venir preparados, con agua y alimentos, porque quiz\u00e1 haya que caminar algunas cuadras. Lo m\u00e1s importante es que vivamos esta tradici\u00f3n con respeto, con amor y con gratitud hacia nuestros seres queridos, en un ambiente seguro y familiar\u201d, concluy\u00f3.<\/p>\n","protected":false},"author":2,"featured_media":18511,"comment_status":"open","ping_status":"open","sticky":false,"template":"","format":"standard","meta":{"_monsterinsights_skip_tracking":false,"_monsterinsights_sitenote_active":false,"_monsterinsights_sitenote_note":"","_monsterinsights_sitenote_category":0,"advanced_seo_description":"","jetpack_seo_html_title":"","jetpack_seo_noindex":false,"_jetpack_memberships_contains_paid_content":false,"footnotes":"","jetpack_publicize_message":"","jetpack_publicize_feature_enabled":true,"jetpack_social_post_already_shared":true,"jetpack_social_options":{"image_generator_settings":{"template":"highway","enabled":false},"version":2}},"categories":[135,7,11],"tags":[],"class_list":["post-18510","post","type-post","status-publish","format-standard","has-post-thumbnail","hentry","category-lo-mas-leido","category-local","category-principal"],"jetpack_publicize_connections":[],"jetpack_sharing_enabled":true,"jetpack_featured_media_url":"https:\/\/i0.wp.com\/alcierrenoticias.com\/wp-content\/uploads\/2025\/10\/WhatsApp-Image-2025-10-27-at-2.52.20-PM.jpeg?fit=1280%2C960&ssl=1","amp_enabled":true,"_links":{"self":[{"href":"https:\/\/alcierrenoticias.com\/index.php\/wp-json\/wp\/v2\/posts\/18510","targetHints":{"allow":["GET"]}}],"collection":[{"href":"https:\/\/alcierrenoticias.com\/index.php\/wp-json\/wp\/v2\/posts"}],"about":[{"href":"https:\/\/alcierrenoticias.com\/index.php\/wp-json\/wp\/v2\/types\/post"}],"author":[{"embeddable":true,"href":"https:\/\/alcierrenoticias.com\/index.php\/wp-json\/wp\/v2\/users\/2"}],"replies":[{"embeddable":true,"href":"https:\/\/alcierrenoticias.com\/index.php\/wp-json\/wp\/v2\/comments?post=18510"}],"version-history":[{"count":2,"href":"https:\/\/alcierrenoticias.com\/index.php\/wp-json\/wp\/v2\/posts\/18510\/revisions"}],"predecessor-version":[{"id":18513,"href":"https:\/\/alcierrenoticias.com\/index.php\/wp-json\/wp\/v2\/posts\/18510\/revisions\/18513"}],"wp:featuredmedia":[{"embeddable":true,"href":"https:\/\/alcierrenoticias.com\/index.php\/wp-json\/wp\/v2\/media\/18511"}],"wp:attachment":[{"href":"https:\/\/alcierrenoticias.com\/index.php\/wp-json\/wp\/v2\/media?parent=18510"}],"wp:term":[{"taxonomy":"category","embeddable":true,"href":"https:\/\/alcierrenoticias.com\/index.php\/wp-json\/wp\/v2\/categories?post=18510"},{"taxonomy":"post_tag","embeddable":true,"href":"https:\/\/alcierrenoticias.com\/index.php\/wp-json\/wp\/v2\/tags?post=18510"}],"curies":[{"name":"wp","href":"https:\/\/api.w.org\/{rel}","templated":true}]}}