{"id":18494,"date":"2025-10-27T12:32:14","date_gmt":"2025-10-27T18:32:14","guid":{"rendered":"https:\/\/alcierrenoticias.com\/?p=18494"},"modified":"2025-10-27T23:46:00","modified_gmt":"2025-10-28T05:46:00","slug":"conquista-desfile-muertos-viven-por-siempre-a-miles-de-familias-en-delicias","status":"publish","type":"post","link":"https:\/\/alcierrenoticias.com\/index.php\/2025\/10\/27\/conquista-desfile-muertos-viven-por-siempre-a-miles-de-familias-en-delicias\/","title":{"rendered":"Conquista desfile \u201cMuertos Viven por Siempre\u201d a miles de familias en Delicias."},"content":{"rendered":"<p>Miles de familias salieron a las calles de Delicias para disfrutar del colorido y emotivo desfile \u201cMuertos Viven por Siempre\u201d, organizado por la Coordinaci\u00f3n de Cultura del Gobierno Municipal de Delicias. La ciudad se llen\u00f3 de vida, tradici\u00f3n y alegr\u00eda con un recorrido que uni\u00f3 a chicos y grandes entre catrinas, calaveras, carros aleg\u00f3ricos, danzas y m\u00fasica que rindieron homenaje a las ra\u00edces mexicanas y al orgullo de ser delicienses.<\/p>\n<p>El evento fue encabezado por el presidente municipal Jes\u00fas Valenciano Garc\u00eda y su esposa, Alma Limas de Valenciano, presidenta del DIF Municipal, quienes disfrutaron el recorrido junto a miles de asistentes. El alcalde destac\u00f3 la excelente organizaci\u00f3n del desfile que, dijo, \u201cmantiene viva nuestra identidad y llena de orgullo a todos los delicienses, porque recordar con alegr\u00eda tambi\u00e9n es celebrar la vida\u201d.<\/p>\n<p>El desfile se distingui\u00f3 por su dinamismo y gran participaci\u00f3n. Instituciones educativas, dependencias municipales y agrupaciones culturales formaron parte de los contingentes que avanzaron con entusiasmo y creatividad. Desde el inicio, la Direcci\u00f3n de Seguridad P\u00fablica y la Banda de Guerra de la Primaria Constituci\u00f3n 2205 encabezaron el recorrido, seguidas por las carrozas y el original Tren de los Muertos.<\/p>\n<p>La jornada estuvo dividida en diez bloques tem\u00e1ticos, cada uno con una ambientaci\u00f3n distinta. Abri\u00f3 el recorrido \u201cLa Catrina Garbancera\u201d, seguida del Ballet Folkl\u00f3rico del Centro Cultural, continuando con \u201cLos Domingueros\u201d, la Secundaria 52 y el Taller de Jazz de Casa de Cultura. M\u00e1s adelante, destacaron \u201cCamino al Pante\u00f3n\u201d con la Secundaria 96, \u201cLa Calavera de Az\u00facar\u201d con el Pedag\u00f3gico, y \u201cLos Alebrijes\u201d con el CBTA 2.<\/p>\n<p>El arte y la identidad mexicana tambi\u00e9n se reflejaron en bloques dedicados a Frida Kahlo, encabezados por el CETis 87; El Chamuco, representado por el COBACH 13; y Los Muertos del Desierto, a cargo de la Prepa 20-30. El recorrido cerr\u00f3 con \u201cLa Muerte\u201d, presentado por la Universidad Vizcaya y los grupos de baile Country y JustDance, adem\u00e1s del bloque \u201cEntre Huesos y Flores\u201d, donde participaron la Facultad de Contadur\u00eda y la Banda de M\u00fasica de Oaxaca, que puso el toque final con ritmos tradicionales.<\/p>\n<p>El desfile concluy\u00f3 en la Plaza de Armas, donde la fiesta continu\u00f3 con una pasarela de catrinas y la presentaci\u00f3n de la Banda de M\u00fasica de Oaxaca. El evento reafirm\u00f3 el compromiso del Gobierno Municipal de Delicias con la promoci\u00f3n de la cultura, la uni\u00f3n familiar y la preservaci\u00f3n de las tradiciones que dan identidad y orgullo a los delicienses.<\/p>\n","protected":false},"excerpt":{"rendered":"<p>Miles de familias salieron a las calles de Delicias para disfrutar del colorido y emotivo desfile \u201cMuertos Viven por Siempre\u201d, organizado por la Coordinaci\u00f3n de Cultura del Gobierno Municipal de Delicias. La ciudad se llen\u00f3 de vida, tradici\u00f3n y alegr\u00eda con un recorrido que uni\u00f3 a chicos y grandes entre catrinas, calaveras, carros aleg\u00f3ricos, danzas y m\u00fasica que rindieron homenaje a las ra\u00edces mexicanas y al orgullo de ser delicienses. El evento fue encabezado por el presidente municipal Jes\u00fas Valenciano Garc\u00eda y su esposa, Alma Limas de Valenciano, presidenta del DIF Municipal, quienes disfrutaron el recorrido junto a miles de asistentes. El alcalde destac\u00f3 la excelente organizaci\u00f3n del desfile que, dijo, \u201cmantiene viva nuestra identidad y llena de orgullo a todos los delicienses, porque recordar con alegr\u00eda tambi\u00e9n es celebrar la vida\u201d. El desfile se distingui\u00f3 por su dinamismo y gran participaci\u00f3n. Instituciones educativas, dependencias municipales y agrupaciones culturales formaron parte de los contingentes que avanzaron con entusiasmo y creatividad. Desde el inicio, la Direcci\u00f3n de Seguridad P\u00fablica y la Banda de Guerra de la Primaria Constituci\u00f3n 2205 encabezaron el recorrido, seguidas por las carrozas y el original Tren de los Muertos. La jornada estuvo dividida en diez bloques tem\u00e1ticos, cada uno con una ambientaci\u00f3n distinta. Abri\u00f3 el recorrido \u201cLa Catrina Garbancera\u201d, seguida del Ballet Folkl\u00f3rico del Centro Cultural, continuando con \u201cLos Domingueros\u201d, la Secundaria 52 y el Taller de Jazz de Casa de Cultura. M\u00e1s adelante, destacaron \u201cCamino al Pante\u00f3n\u201d con la Secundaria 96, \u201cLa Calavera de Az\u00facar\u201d con el Pedag\u00f3gico, y \u201cLos Alebrijes\u201d con el CBTA 2. El arte y la identidad mexicana tambi\u00e9n se reflejaron en bloques dedicados a Frida Kahlo, encabezados por el CETis 87; El Chamuco, representado por el COBACH 13; y Los Muertos del Desierto, a cargo de la Prepa 20-30. El recorrido cerr\u00f3 con \u201cLa Muerte\u201d, presentado por la Universidad Vizcaya y los grupos de baile Country y JustDance, adem\u00e1s del bloque \u201cEntre Huesos y Flores\u201d, donde participaron la Facultad de Contadur\u00eda y la Banda de M\u00fasica de Oaxaca, que puso el toque final con ritmos tradicionales. El desfile concluy\u00f3 en la Plaza de Armas, donde la fiesta continu\u00f3 con una pasarela de catrinas y la presentaci\u00f3n de la Banda de M\u00fasica de Oaxaca. El evento reafirm\u00f3 el compromiso del Gobierno Municipal de Delicias con la promoci\u00f3n de la cultura, la uni\u00f3n familiar y la preservaci\u00f3n de las tradiciones que dan identidad y orgullo a los delicienses.<\/p>\n","protected":false},"author":2,"featured_media":18495,"comment_status":"open","ping_status":"open","sticky":false,"template":"","format":"standard","meta":{"_monsterinsights_skip_tracking":false,"_monsterinsights_sitenote_active":false,"_monsterinsights_sitenote_note":"","_monsterinsights_sitenote_category":0,"advanced_seo_description":"","jetpack_seo_html_title":"","jetpack_seo_noindex":false,"_jetpack_memberships_contains_paid_content":false,"footnotes":"","jetpack_publicize_message":"","jetpack_publicize_feature_enabled":true,"jetpack_social_post_already_shared":true,"jetpack_social_options":{"image_generator_settings":{"template":"highway","enabled":false},"version":2}},"categories":[135,7,11],"tags":[],"class_list":["post-18494","post","type-post","status-publish","format-standard","has-post-thumbnail","hentry","category-lo-mas-leido","category-local","category-principal"],"jetpack_publicize_connections":[],"jetpack_sharing_enabled":true,"jetpack_featured_media_url":"https:\/\/i0.wp.com\/alcierrenoticias.com\/wp-content\/uploads\/2025\/10\/WhatsApp-Image-2025-10-27-at-12.17.32-PM.jpeg?fit=1280%2C960&ssl=1","amp_enabled":true,"_links":{"self":[{"href":"https:\/\/alcierrenoticias.com\/index.php\/wp-json\/wp\/v2\/posts\/18494","targetHints":{"allow":["GET"]}}],"collection":[{"href":"https:\/\/alcierrenoticias.com\/index.php\/wp-json\/wp\/v2\/posts"}],"about":[{"href":"https:\/\/alcierrenoticias.com\/index.php\/wp-json\/wp\/v2\/types\/post"}],"author":[{"embeddable":true,"href":"https:\/\/alcierrenoticias.com\/index.php\/wp-json\/wp\/v2\/users\/2"}],"replies":[{"embeddable":true,"href":"https:\/\/alcierrenoticias.com\/index.php\/wp-json\/wp\/v2\/comments?post=18494"}],"version-history":[{"count":2,"href":"https:\/\/alcierrenoticias.com\/index.php\/wp-json\/wp\/v2\/posts\/18494\/revisions"}],"predecessor-version":[{"id":18497,"href":"https:\/\/alcierrenoticias.com\/index.php\/wp-json\/wp\/v2\/posts\/18494\/revisions\/18497"}],"wp:featuredmedia":[{"embeddable":true,"href":"https:\/\/alcierrenoticias.com\/index.php\/wp-json\/wp\/v2\/media\/18495"}],"wp:attachment":[{"href":"https:\/\/alcierrenoticias.com\/index.php\/wp-json\/wp\/v2\/media?parent=18494"}],"wp:term":[{"taxonomy":"category","embeddable":true,"href":"https:\/\/alcierrenoticias.com\/index.php\/wp-json\/wp\/v2\/categories?post=18494"},{"taxonomy":"post_tag","embeddable":true,"href":"https:\/\/alcierrenoticias.com\/index.php\/wp-json\/wp\/v2\/tags?post=18494"}],"curies":[{"name":"wp","href":"https:\/\/api.w.org\/{rel}","templated":true}]}}