{"id":18461,"date":"2025-10-24T12:09:06","date_gmt":"2025-10-24T18:09:06","guid":{"rendered":"https:\/\/alcierrenoticias.com\/?p=18461"},"modified":"2025-10-24T14:02:12","modified_gmt":"2025-10-24T20:02:12","slug":"comparte-miriam-soto-ponencia-de-politicas-familiares-en-nuevo-leon","status":"publish","type":"post","link":"https:\/\/alcierrenoticias.com\/index.php\/2025\/10\/24\/comparte-miriam-soto-ponencia-de-politicas-familiares-en-nuevo-leon\/","title":{"rendered":"Comparte Miriam Soto Ponencia de Pol\u00edticas Familiares en Nuevo Le\u00f3n."},"content":{"rendered":"<p>La alcaldesa de Meoqui estuvo presente en el 5to Encuentro de Ciudades Familiarmente Sostenibles<\/p>\n<p>La alcaldesa de Meoqui, Miriam Soto, particip\u00f3 en el 5to Encuentro de Ciudades Familiarmente Sostenibles, realizado en San Nicol\u00e1s de los Garza, Nuevo Le\u00f3n, donde imparti\u00f3 dos ponencias como panelista, compartiendo la experiencia de Meoqui en materia de pol\u00edticas familiares.<\/p>\n<p>Durante su participaci\u00f3n, present\u00f3 el tema del Reglamento de Pol\u00edticas Familiares para Servidores P\u00fablicos, destacando que Meoqui es el primer municipio del pa\u00eds en contar con este documento, adem\u00e1s de exponer los avances y estrategias implementadas por su administraci\u00f3n para fortalecer el bien com\u00fan de las familias.<\/p>\n<p>\u201cEstamos muy contentos de haber participado en este encuentro y de poder compartir lo que estamos haciendo en Meoqui\u201d, expres\u00f3 la alcaldesa Miriam Soto, quien agradeci\u00f3 la oportunidad de representar al municipio en un foro nacional de alta trascendencia para las familias.<\/p>\n<p>El evento reuni\u00f3 a alcaldes, legisladores, especialistas y agentes de cambio de todo el pa\u00eds, quienes compartieron experiencias y buenas pr\u00e1cticas orientadas a fortalecer la cohesi\u00f3n comunitaria y construir ciudades m\u00e1s amigables para las familias.<\/p>\n<p>Entre los panelistas invitados destacaron Zsofia Fejerdy, presidenta de North Star Foundation de Hungr\u00eda; Daniel Carrillo, alcalde de San Nicol\u00e1s de los Garza; Adri\u00e1n de la Garza, alcalde de Monterrey; Carlos Orva\u00f1anos, alcalde de Cuajimalpa de Morelos; y Josefina V\u00e1zquez Mota, presidenta de la Comisi\u00f3n de Derechos de la Ni\u00f1ez y Adolescencia del Senado de la Rep\u00fablica.<\/p>\n","protected":false},"excerpt":{"rendered":"<p>La alcaldesa de Meoqui estuvo presente en el 5to Encuentro de Ciudades Familiarmente Sostenibles La alcaldesa de Meoqui, Miriam Soto, particip\u00f3 en el 5to Encuentro de Ciudades Familiarmente Sostenibles, realizado en San Nicol\u00e1s de los Garza, Nuevo Le\u00f3n, donde imparti\u00f3 dos ponencias como panelista, compartiendo la experiencia de Meoqui en materia de pol\u00edticas familiares. Durante su participaci\u00f3n, present\u00f3 el tema del Reglamento de Pol\u00edticas Familiares para Servidores P\u00fablicos, destacando que Meoqui es el primer municipio del pa\u00eds en contar con este documento, adem\u00e1s de exponer los avances y estrategias implementadas por su administraci\u00f3n para fortalecer el bien com\u00fan de las familias. \u201cEstamos muy contentos de haber participado en este encuentro y de poder compartir lo que estamos haciendo en Meoqui\u201d, expres\u00f3 la alcaldesa Miriam Soto, quien agradeci\u00f3 la oportunidad de representar al municipio en un foro nacional de alta trascendencia para las familias. El evento reuni\u00f3 a alcaldes, legisladores, especialistas y agentes de cambio de todo el pa\u00eds, quienes compartieron experiencias y buenas pr\u00e1cticas orientadas a fortalecer la cohesi\u00f3n comunitaria y construir ciudades m\u00e1s amigables para las familias. Entre los panelistas invitados destacaron Zsofia Fejerdy, presidenta de North Star Foundation de Hungr\u00eda; Daniel Carrillo, alcalde de San Nicol\u00e1s de los Garza; Adri\u00e1n de la Garza, alcalde de Monterrey; Carlos Orva\u00f1anos, alcalde de Cuajimalpa de Morelos; y Josefina V\u00e1zquez Mota, presidenta de la Comisi\u00f3n de Derechos de la Ni\u00f1ez y Adolescencia del Senado de la Rep\u00fablica.<\/p>\n","protected":false},"author":2,"featured_media":18462,"comment_status":"open","ping_status":"open","sticky":false,"template":"","format":"standard","meta":{"_monsterinsights_skip_tracking":false,"_monsterinsights_sitenote_active":false,"_monsterinsights_sitenote_note":"","_monsterinsights_sitenote_category":0,"advanced_seo_description":"","jetpack_seo_html_title":"","jetpack_seo_noindex":false,"_jetpack_memberships_contains_paid_content":false,"footnotes":"","jetpack_publicize_message":"","jetpack_publicize_feature_enabled":true,"jetpack_social_post_already_shared":true,"jetpack_social_options":{"image_generator_settings":{"template":"highway","enabled":false},"version":2}},"categories":[135,7,11],"tags":[],"class_list":["post-18461","post","type-post","status-publish","format-standard","has-post-thumbnail","hentry","category-lo-mas-leido","category-local","category-principal"],"jetpack_publicize_connections":[],"jetpack_sharing_enabled":true,"jetpack_featured_media_url":"https:\/\/i0.wp.com\/alcierrenoticias.com\/wp-content\/uploads\/2025\/10\/WhatsApp-Image-2025-10-24-at-11.36.58-AM-1.jpeg?fit=945%2C891&ssl=1","amp_enabled":true,"_links":{"self":[{"href":"https:\/\/alcierrenoticias.com\/index.php\/wp-json\/wp\/v2\/posts\/18461","targetHints":{"allow":["GET"]}}],"collection":[{"href":"https:\/\/alcierrenoticias.com\/index.php\/wp-json\/wp\/v2\/posts"}],"about":[{"href":"https:\/\/alcierrenoticias.com\/index.php\/wp-json\/wp\/v2\/types\/post"}],"author":[{"embeddable":true,"href":"https:\/\/alcierrenoticias.com\/index.php\/wp-json\/wp\/v2\/users\/2"}],"replies":[{"embeddable":true,"href":"https:\/\/alcierrenoticias.com\/index.php\/wp-json\/wp\/v2\/comments?post=18461"}],"version-history":[{"count":2,"href":"https:\/\/alcierrenoticias.com\/index.php\/wp-json\/wp\/v2\/posts\/18461\/revisions"}],"predecessor-version":[{"id":18464,"href":"https:\/\/alcierrenoticias.com\/index.php\/wp-json\/wp\/v2\/posts\/18461\/revisions\/18464"}],"wp:featuredmedia":[{"embeddable":true,"href":"https:\/\/alcierrenoticias.com\/index.php\/wp-json\/wp\/v2\/media\/18462"}],"wp:attachment":[{"href":"https:\/\/alcierrenoticias.com\/index.php\/wp-json\/wp\/v2\/media?parent=18461"}],"wp:term":[{"taxonomy":"category","embeddable":true,"href":"https:\/\/alcierrenoticias.com\/index.php\/wp-json\/wp\/v2\/categories?post=18461"},{"taxonomy":"post_tag","embeddable":true,"href":"https:\/\/alcierrenoticias.com\/index.php\/wp-json\/wp\/v2\/tags?post=18461"}],"curies":[{"name":"wp","href":"https:\/\/api.w.org\/{rel}","templated":true}]}}