{"id":18447,"date":"2025-10-23T17:02:01","date_gmt":"2025-10-23T23:02:01","guid":{"rendered":"https:\/\/alcierrenoticias.com\/?p=18447"},"modified":"2025-10-24T13:44:31","modified_gmt":"2025-10-24T19:44:31","slug":"encabeza-inmudej-presentacion-de-la-convocatoria-al-salon-de-la-fama-del-deporte-delicias-2025","status":"publish","type":"post","link":"https:\/\/alcierrenoticias.com\/index.php\/2025\/10\/23\/encabeza-inmudej-presentacion-de-la-convocatoria-al-salon-de-la-fama-del-deporte-delicias-2025\/","title":{"rendered":"Encabeza INMUDEJ presentaci\u00f3n de la convocatoria al Sal\u00f3n de la Fama del Deporte Delicias 2025."},"content":{"rendered":"<p>El Gobierno Municipal de Delicias, a trav\u00e9s del Instituto Municipal del Deporte y la Juventud (INMUDEJ) y en coordinaci\u00f3n con el C\u00edrculo de Cronistas Deportivos \u201cManuel Gallegos Ferrales\u201d, present\u00f3 oficialmente la convocatoria para la elecci\u00f3n e ingreso de nuevos miembros al Sal\u00f3n de la Fama del Deporte Delicias 2025. La presentaci\u00f3n se realiz\u00f3 en rueda de prensa con la presencia de autoridades municipales, representantes deportivos y medios de comunicaci\u00f3n.<\/p>\n<p>Durante el anuncio, se dio a conocer que la ceremonia de entronizaci\u00f3n se llevar\u00e1 a cabo el pr\u00f3ximo mi\u00e9rcoles 3 de diciembre de 2025, a las 19:30 horas, en el Polideportivo Bicentenario. El jurado estar\u00e1 conformado por el director del INMUDEJ, la regidora de Deporte y Juventud, dos presidentes de asociaciones deportivas y los integrantes del C\u00edrculo de Cronistas Deportivos, quienes actuar\u00e1n con \u00e9tica, imparcialidad y profesionalismo en la selecci\u00f3n de los homenajeados.<\/p>\n<p>Las propuestas para candidatos podr\u00e1n entregarse en las oficinas del Instituto Municipal del Deporte y la Juventud, ubicadas en el Polideportivo Bicentenario, hasta el 14 de noviembre a las 15:00 horas. Podr\u00e1n nominar tanto las asociaciones y comit\u00e9s deportivos municipales como cualquier ciudadano, siempre que la propuesta est\u00e9 avalada por los organismos correspondientes.<\/p>\n<p>El Sal\u00f3n de la Fama reconocer\u00e1 a personalidades destacadas en seis categor\u00edas: entrenadores, deportistas, directivos, cronistas deportivos, promotores deportivos y jueces o \u00e1rbitros. Los aspirantes deber\u00e1n contar con al menos 15 a\u00f1os de trayectoria y ser ejemplo de honorabilidad y contribuci\u00f3n al deporte, adem\u00e1s de haber nacido o radicado la mayor parte de su vida en el municipio de Delicias.<\/p>\n<p>Finalmente, el comit\u00e9 organizador reiter\u00f3 que toda la documentaci\u00f3n y material de respaldo que se presente m, fotograf\u00edas, reconocimientos, recortes y testimonios, pasar\u00e1 a formar parte del acervo del Sal\u00f3n de la Fama, como patrimonio cultural y deportivo del municipio. Con ello, el Ayuntamiento busca mantener viva la memoria de quienes han hecho grande al deporte de Delicias y seguir inspirando a las nuevas generaciones.<\/p>\n<p>La rueda de prensa fue encabezada por el director del Inmudej, Miguel Aguirre; el profesor Jos\u00e9 Luis Moreno S\u00e1enz miembros del sal\u00f3n de la Fama, as\u00ed como Arturo Baeza integrante del C\u00edrculo de Cronistas Deportivos \u201cManuel Gallegos Ferrales\u201d, y regidores del Ayuntamiento.<\/p>\n","protected":false},"excerpt":{"rendered":"<p>El Gobierno Municipal de Delicias, a trav\u00e9s del Instituto Municipal del Deporte y la Juventud (INMUDEJ) y en coordinaci\u00f3n con el C\u00edrculo de Cronistas Deportivos \u201cManuel Gallegos Ferrales\u201d, present\u00f3 oficialmente la convocatoria para la elecci\u00f3n e ingreso de nuevos miembros al Sal\u00f3n de la Fama del Deporte Delicias 2025. La presentaci\u00f3n se realiz\u00f3 en rueda de prensa con la presencia de autoridades municipales, representantes deportivos y medios de comunicaci\u00f3n. Durante el anuncio, se dio a conocer que la ceremonia de entronizaci\u00f3n se llevar\u00e1 a cabo el pr\u00f3ximo mi\u00e9rcoles 3 de diciembre de 2025, a las 19:30 horas, en el Polideportivo Bicentenario. El jurado estar\u00e1 conformado por el director del INMUDEJ, la regidora de Deporte y Juventud, dos presidentes de asociaciones deportivas y los integrantes del C\u00edrculo de Cronistas Deportivos, quienes actuar\u00e1n con \u00e9tica, imparcialidad y profesionalismo en la selecci\u00f3n de los homenajeados. Las propuestas para candidatos podr\u00e1n entregarse en las oficinas del Instituto Municipal del Deporte y la Juventud, ubicadas en el Polideportivo Bicentenario, hasta el 14 de noviembre a las 15:00 horas. Podr\u00e1n nominar tanto las asociaciones y comit\u00e9s deportivos municipales como cualquier ciudadano, siempre que la propuesta est\u00e9 avalada por los organismos correspondientes. El Sal\u00f3n de la Fama reconocer\u00e1 a personalidades destacadas en seis categor\u00edas: entrenadores, deportistas, directivos, cronistas deportivos, promotores deportivos y jueces o \u00e1rbitros. Los aspirantes deber\u00e1n contar con al menos 15 a\u00f1os de trayectoria y ser ejemplo de honorabilidad y contribuci\u00f3n al deporte, adem\u00e1s de haber nacido o radicado la mayor parte de su vida en el municipio de Delicias. Finalmente, el comit\u00e9 organizador reiter\u00f3 que toda la documentaci\u00f3n y material de respaldo que se presente m, fotograf\u00edas, reconocimientos, recortes y testimonios, pasar\u00e1 a formar parte del acervo del Sal\u00f3n de la Fama, como patrimonio cultural y deportivo del municipio. Con ello, el Ayuntamiento busca mantener viva la memoria de quienes han hecho grande al deporte de Delicias y seguir inspirando a las nuevas generaciones. La rueda de prensa fue encabezada por el director del Inmudej, Miguel Aguirre; el profesor Jos\u00e9 Luis Moreno S\u00e1enz miembros del sal\u00f3n de la Fama, as\u00ed como Arturo Baeza integrante del C\u00edrculo de Cronistas Deportivos \u201cManuel Gallegos Ferrales\u201d, y regidores del Ayuntamiento.<\/p>\n","protected":false},"author":2,"featured_media":18448,"comment_status":"open","ping_status":"open","sticky":false,"template":"","format":"standard","meta":{"_monsterinsights_skip_tracking":false,"_monsterinsights_sitenote_active":false,"_monsterinsights_sitenote_note":"","_monsterinsights_sitenote_category":0,"advanced_seo_description":"","jetpack_seo_html_title":"","jetpack_seo_noindex":false,"_jetpack_memberships_contains_paid_content":false,"footnotes":"","jetpack_publicize_message":"","jetpack_publicize_feature_enabled":true,"jetpack_social_post_already_shared":true,"jetpack_social_options":{"image_generator_settings":{"template":"highway","enabled":false},"version":2}},"categories":[135,7,11],"tags":[],"class_list":["post-18447","post","type-post","status-publish","format-standard","has-post-thumbnail","hentry","category-lo-mas-leido","category-local","category-principal"],"jetpack_publicize_connections":[],"jetpack_sharing_enabled":true,"jetpack_featured_media_url":"https:\/\/i0.wp.com\/alcierrenoticias.com\/wp-content\/uploads\/2025\/10\/WhatsApp-Image-2025-10-23-at-4.46.14-PM.jpeg?fit=2560%2C1706&ssl=1","amp_enabled":true,"_links":{"self":[{"href":"https:\/\/alcierrenoticias.com\/index.php\/wp-json\/wp\/v2\/posts\/18447","targetHints":{"allow":["GET"]}}],"collection":[{"href":"https:\/\/alcierrenoticias.com\/index.php\/wp-json\/wp\/v2\/posts"}],"about":[{"href":"https:\/\/alcierrenoticias.com\/index.php\/wp-json\/wp\/v2\/types\/post"}],"author":[{"embeddable":true,"href":"https:\/\/alcierrenoticias.com\/index.php\/wp-json\/wp\/v2\/users\/2"}],"replies":[{"embeddable":true,"href":"https:\/\/alcierrenoticias.com\/index.php\/wp-json\/wp\/v2\/comments?post=18447"}],"version-history":[{"count":2,"href":"https:\/\/alcierrenoticias.com\/index.php\/wp-json\/wp\/v2\/posts\/18447\/revisions"}],"predecessor-version":[{"id":18450,"href":"https:\/\/alcierrenoticias.com\/index.php\/wp-json\/wp\/v2\/posts\/18447\/revisions\/18450"}],"wp:featuredmedia":[{"embeddable":true,"href":"https:\/\/alcierrenoticias.com\/index.php\/wp-json\/wp\/v2\/media\/18448"}],"wp:attachment":[{"href":"https:\/\/alcierrenoticias.com\/index.php\/wp-json\/wp\/v2\/media?parent=18447"}],"wp:term":[{"taxonomy":"category","embeddable":true,"href":"https:\/\/alcierrenoticias.com\/index.php\/wp-json\/wp\/v2\/categories?post=18447"},{"taxonomy":"post_tag","embeddable":true,"href":"https:\/\/alcierrenoticias.com\/index.php\/wp-json\/wp\/v2\/tags?post=18447"}],"curies":[{"name":"wp","href":"https:\/\/api.w.org\/{rel}","templated":true}]}}