{"id":18418,"date":"2025-10-23T08:37:32","date_gmt":"2025-10-23T14:37:32","guid":{"rendered":"https:\/\/alcierrenoticias.com\/?p=18418"},"modified":"2025-10-24T12:42:58","modified_gmt":"2025-10-24T18:42:58","slug":"arranca-el-mictlan-ambiental-la-antesala-ecologica-del-festival-las-delicias-de-la-muerte","status":"publish","type":"post","link":"https:\/\/alcierrenoticias.com\/index.php\/2025\/10\/23\/arranca-el-mictlan-ambiental-la-antesala-ecologica-del-festival-las-delicias-de-la-muerte\/","title":{"rendered":"Arranca el \u201cMictl\u00e1n Ambiental\u201d, la antesala ecol\u00f3gica del Festival Las Delicias de la Muerte."},"content":{"rendered":"<p>Con actividades que combinan el aprendizaje ambiental con la cultura y el misticismo de la temporada, este jueves dio inicio el festival \u201cMictl\u00e1n Ambiental\u201d, la antesala de Las Delicias de la Muerte, impulsado el Gobierno Municipal de Delicias. El evento re\u00fane a familias, j\u00f3venes y amantes de la naturaleza en experiencias \u00fanicas que buscan fortalecer la conciencia ecol\u00f3gica a trav\u00e9s del arte, la ciencia y la tradici\u00f3n.<\/p>\n<p>El jefe de Medioambiente, Juan Torrecillas, inform\u00f3 que el festival arranca hoy jueves con la actividad \u201cMurci\u00e9lagos y vampiros\u201d, una visita guiada a las cuevas de Santa Eulalia donde los asistentes pudieron presenciar el espect\u00e1culo natural de m\u00e1s de nueve millones de murci\u00e9lagos, fundamentales para la polinizaci\u00f3n de los campos agr\u00edcolas de la regi\u00f3n. \u201cEs una experiencia impresionante; buscamos que la gente entienda que incluso estos animales tienen un papel esencial en el equilibrio ecol\u00f3gico\u201d, coment\u00f3.<\/p>\n<p>Las actividades continuar\u00e1n este viernes 24 de octubre con el Desfile de Mascotas Alebrijes, una caminata que partir\u00e1 desde la Plaza del Abuelo hasta el mausoleo Todas las Almas, acompa\u00f1ada de un concurso de disfraces, adiestramiento canino y actividades de adopci\u00f3n y concientizaci\u00f3n sobre el cuidado animal. Ese mismo d\u00eda, a las 7 de la tarde, se proyectar\u00e1 en el Pante\u00f3n Municipal la pel\u00edcula \u201cM\u00e1s negro que la noche\u201d, del director Carlos Enrique Taboada, un cl\u00e1sico del cine mexicano con mensaje ambiental.<\/p>\n<p>Para cerrar el programa, el s\u00e1bado 25 se realizar\u00e1 el Eco-Sendero del M\u00e1s All\u00e1 en el municipio de Julimes, una traves\u00eda guiada por especialistas donde los asistentes podr\u00e1n conocer de cerca serpientes, tar\u00e1ntulas, aves y otros animales nocturnos en su entorno natural. \u201cSer\u00e1 una jornada de educaci\u00f3n ambiental y convivencia con la naturaleza; terminaremos con una fogata y leyendas de Chihuahua, uniendo lo ecol\u00f3gico con nuestras tradiciones\u201d, explic\u00f3 Juan Torrecillas.<\/p>\n<p>El funcionario destac\u00f3 que el Mictl\u00e1n Ambiental es un esfuerzo conjunto entre los municipios de Delicias, Aquiles Serd\u00e1n y Julimes, adem\u00e1s de varias organizaciones civiles y ambientales.<\/p>\n<p>\u201cQueremos que la gente se divierta, que viva algo diferente y que al mismo tiempo aprenda sobre la importancia de cuidar el medio ambiente. Este festival demuestra que la cultura, la naturaleza y la educaci\u00f3n pueden caminar de la mano\u201d, concluy\u00f3.<\/p>\n","protected":false},"excerpt":{"rendered":"<p>Con actividades que combinan el aprendizaje ambiental con la cultura y el misticismo de la temporada, este jueves dio inicio el festival \u201cMictl\u00e1n Ambiental\u201d, la antesala de Las Delicias de la Muerte, impulsado el Gobierno Municipal de Delicias. El evento re\u00fane a familias, j\u00f3venes y amantes de la naturaleza en experiencias \u00fanicas que buscan fortalecer la conciencia ecol\u00f3gica a trav\u00e9s del arte, la ciencia y la tradici\u00f3n. El jefe de Medioambiente, Juan Torrecillas, inform\u00f3 que el festival arranca hoy jueves con la actividad \u201cMurci\u00e9lagos y vampiros\u201d, una visita guiada a las cuevas de Santa Eulalia donde los asistentes pudieron presenciar el espect\u00e1culo natural de m\u00e1s de nueve millones de murci\u00e9lagos, fundamentales para la polinizaci\u00f3n de los campos agr\u00edcolas de la regi\u00f3n. \u201cEs una experiencia impresionante; buscamos que la gente entienda que incluso estos animales tienen un papel esencial en el equilibrio ecol\u00f3gico\u201d, coment\u00f3. Las actividades continuar\u00e1n este viernes 24 de octubre con el Desfile de Mascotas Alebrijes, una caminata que partir\u00e1 desde la Plaza del Abuelo hasta el mausoleo Todas las Almas, acompa\u00f1ada de un concurso de disfraces, adiestramiento canino y actividades de adopci\u00f3n y concientizaci\u00f3n sobre el cuidado animal. Ese mismo d\u00eda, a las 7 de la tarde, se proyectar\u00e1 en el Pante\u00f3n Municipal la pel\u00edcula \u201cM\u00e1s negro que la noche\u201d, del director Carlos Enrique Taboada, un cl\u00e1sico del cine mexicano con mensaje ambiental. Para cerrar el programa, el s\u00e1bado 25 se realizar\u00e1 el Eco-Sendero del M\u00e1s All\u00e1 en el municipio de Julimes, una traves\u00eda guiada por especialistas donde los asistentes podr\u00e1n conocer de cerca serpientes, tar\u00e1ntulas, aves y otros animales nocturnos en su entorno natural. \u201cSer\u00e1 una jornada de educaci\u00f3n ambiental y convivencia con la naturaleza; terminaremos con una fogata y leyendas de Chihuahua, uniendo lo ecol\u00f3gico con nuestras tradiciones\u201d, explic\u00f3 Juan Torrecillas. El funcionario destac\u00f3 que el Mictl\u00e1n Ambiental es un esfuerzo conjunto entre los municipios de Delicias, Aquiles Serd\u00e1n y Julimes, adem\u00e1s de varias organizaciones civiles y ambientales. \u201cQueremos que la gente se divierta, que viva algo diferente y que al mismo tiempo aprenda sobre la importancia de cuidar el medio ambiente. Este festival demuestra que la cultura, la naturaleza y la educaci\u00f3n pueden caminar de la mano\u201d, concluy\u00f3.<\/p>\n","protected":false},"author":2,"featured_media":18419,"comment_status":"open","ping_status":"open","sticky":false,"template":"","format":"standard","meta":{"_monsterinsights_skip_tracking":false,"_monsterinsights_sitenote_active":false,"_monsterinsights_sitenote_note":"","_monsterinsights_sitenote_category":0,"advanced_seo_description":"","jetpack_seo_html_title":"","jetpack_seo_noindex":false,"_jetpack_memberships_contains_paid_content":false,"footnotes":"","jetpack_publicize_message":"","jetpack_publicize_feature_enabled":true,"jetpack_social_post_already_shared":true,"jetpack_social_options":{"image_generator_settings":{"template":"highway","enabled":false},"version":2}},"categories":[135,7,11],"tags":[],"class_list":["post-18418","post","type-post","status-publish","format-standard","has-post-thumbnail","hentry","category-lo-mas-leido","category-local","category-principal"],"jetpack_publicize_connections":[],"jetpack_sharing_enabled":true,"jetpack_featured_media_url":"https:\/\/i0.wp.com\/alcierrenoticias.com\/wp-content\/uploads\/2025\/10\/WhatsApp-Image-2025-10-23-at-8.33.10-AM-1-e1761331349537.jpeg?fit=400%2C488&ssl=1","amp_enabled":true,"_links":{"self":[{"href":"https:\/\/alcierrenoticias.com\/index.php\/wp-json\/wp\/v2\/posts\/18418","targetHints":{"allow":["GET"]}}],"collection":[{"href":"https:\/\/alcierrenoticias.com\/index.php\/wp-json\/wp\/v2\/posts"}],"about":[{"href":"https:\/\/alcierrenoticias.com\/index.php\/wp-json\/wp\/v2\/types\/post"}],"author":[{"embeddable":true,"href":"https:\/\/alcierrenoticias.com\/index.php\/wp-json\/wp\/v2\/users\/2"}],"replies":[{"embeddable":true,"href":"https:\/\/alcierrenoticias.com\/index.php\/wp-json\/wp\/v2\/comments?post=18418"}],"version-history":[{"count":1,"href":"https:\/\/alcierrenoticias.com\/index.php\/wp-json\/wp\/v2\/posts\/18418\/revisions"}],"predecessor-version":[{"id":18420,"href":"https:\/\/alcierrenoticias.com\/index.php\/wp-json\/wp\/v2\/posts\/18418\/revisions\/18420"}],"wp:featuredmedia":[{"embeddable":true,"href":"https:\/\/alcierrenoticias.com\/index.php\/wp-json\/wp\/v2\/media\/18419"}],"wp:attachment":[{"href":"https:\/\/alcierrenoticias.com\/index.php\/wp-json\/wp\/v2\/media?parent=18418"}],"wp:term":[{"taxonomy":"category","embeddable":true,"href":"https:\/\/alcierrenoticias.com\/index.php\/wp-json\/wp\/v2\/categories?post=18418"},{"taxonomy":"post_tag","embeddable":true,"href":"https:\/\/alcierrenoticias.com\/index.php\/wp-json\/wp\/v2\/tags?post=18418"}],"curies":[{"name":"wp","href":"https:\/\/api.w.org\/{rel}","templated":true}]}}