{"id":18405,"date":"2025-10-22T17:06:16","date_gmt":"2025-10-22T23:06:16","guid":{"rendered":"https:\/\/alcierrenoticias.com\/?p=18405"},"modified":"2025-10-22T22:38:17","modified_gmt":"2025-10-23T04:38:17","slug":"llegara-leyenda-de-los-monitos-de-meoqui-al-cine-con-el-cortometraje-expedientes-m","status":"publish","type":"post","link":"https:\/\/alcierrenoticias.com\/index.php\/2025\/10\/22\/llegara-leyenda-de-los-monitos-de-meoqui-al-cine-con-el-cortometraje-expedientes-m\/","title":{"rendered":"Llegar\u00e1 leyenda de los Monitos de Meoqui al cine con el cortometraje &#8220;Expedientes M&#8221;."},"content":{"rendered":"<p>&#8220;El arte, el cine y la imaginaci\u00f3n pueden hacer que nuestras leyendas sigan vivas&#8221;: Miriam Soto<br \/>\nLa alcaldesa de Meoqui anunci\u00f3 el Programa \u201cMisterio y Memoria: La Huella de los Monitos de Meoqui\u201d con la UACH por el 38 Aniversario de la leyenda<\/p>\n<p>La leyenda de los Monitos de Meoqui llegar\u00e1 a la pantalla grande esto a trav\u00e9s del cortometraje \u201cExpedientes M\u201d como parte de la antolog\u00eda \u201cHistorias Cortas de Terror\u201d, producci\u00f3n 100% chihuahuense pr\u00f3xima a estrenarse del 30 de octubre al 2 de noviembre en salas seleccionadas de Cinepolis en todo el estado, as\u00ed lo anunci\u00f3 en rueda de prensa, la alcaldesa de Meoqui Miriam Soto, quien agradeci\u00f3 a la producci\u00f3n de este proyecto por tomar en cuenta una leyenda tan importante como lo es \u201cLos Monitos de Meoqui: \u201cEl arte, el cine y la imaginaci\u00f3n pueden hacer que nuestras leyendas sigan vivas, que sigan atrayendo a la gente y que sigan despertando ese orgullo de ser quienes somos\u201d, coment\u00f3.<\/p>\n<p>Por su parte, Idalia L\u00f3pez, directora ejecutiva de Historias Cortas de Terror, agradeci\u00f3 el apoyo del Gobierno Municipal de Meoqui, resaltando la hospitalidad y el entusiasmo de la gente durante las grabaciones: \u201cNos recibieron con los brazos abiertos. En cada lugar donde filmamos encontramos sonrisas y apoyo; realmente no quer\u00edamos irnos de esta hermosa ciudad\u201d, explicando que \u201cHistorias Cortas de Terror\u201d naci\u00f3 con la intenci\u00f3n de rescatar las leyendas tradicionales de Chihuahua y dar espacio al talento local, tanto delante como detr\u00e1s de c\u00e1maras: \u201cEl proyecto est\u00e1 conformado casi en su totalidad por j\u00f3venes cineastas chihuahuenses. Cada a\u00f1o crece m\u00e1s, hay mayor calidad y m\u00e1s participaci\u00f3n. En esta edici\u00f3n somos m\u00e1s de 30 personas involucradas entre directores, actores, productores, sonidistas y vestuario\u201d, explic\u00f3.<\/p>\n<p>Por \u00faltimo, la alcaldesa Miriam Soto inform\u00f3 que esta proyecci\u00f3n forma parte del programa \u201cMisterio y Memoria: La Huella de los Monitos de Meoqui\u201d, con el que se conmemorar\u00e1 el 38\u00b0 aniversario de esta emblem\u00e1tica leyenda. En coordinaci\u00f3n con el Gobierno del Estado, a trav\u00e9s de la Secretar\u00eda de Turismo y el Fideicomiso \u00a1Ah Chihuahua!, as\u00ed como con la Universidad Aut\u00f3noma de Chihuahua y su Facultad de Filosof\u00eda y Letras, se llevar\u00e1n a cabo diversas actividades culturales, entre ellas la presentaci\u00f3n del libro \u201cLos Monitos de Meoqui \u00bfFantas\u00eda o Realidad?\u201d del Dr. Javier Contreras Orozco; la proyecci\u00f3n del documental \u201cLos Monitos de Meoqui\u201d elaborado por estudiantes y docentes de la UACH; y la lectura dramatizada \u201cFabularum: Monitos de Meoqui\u201d, del Dr. Alejandro Garc\u00eda Hern\u00e1ndez. Estas presentaciones tambi\u00e9n llegar\u00e1n a Meoqui durante la primera semana de noviembre, junto con una mesa panel de estudiantes y profesores, para seguir compartiendo y preservando las historias que forman parte de la identidad del municipio.<\/p>\n","protected":false},"excerpt":{"rendered":"<p>&#8220;El arte, el cine y la imaginaci\u00f3n pueden hacer que nuestras leyendas sigan vivas&#8221;: Miriam Soto La alcaldesa de Meoqui anunci\u00f3 el Programa \u201cMisterio y Memoria: La Huella de los Monitos de Meoqui\u201d con la UACH por el 38 Aniversario de la leyenda La leyenda de los Monitos de Meoqui llegar\u00e1 a la pantalla grande esto a trav\u00e9s del cortometraje \u201cExpedientes M\u201d como parte de la antolog\u00eda \u201cHistorias Cortas de Terror\u201d, producci\u00f3n 100% chihuahuense pr\u00f3xima a estrenarse del 30 de octubre al 2 de noviembre en salas seleccionadas de Cinepolis en todo el estado, as\u00ed lo anunci\u00f3 en rueda de prensa, la alcaldesa de Meoqui Miriam Soto, quien agradeci\u00f3 a la producci\u00f3n de este proyecto por tomar en cuenta una leyenda tan importante como lo es \u201cLos Monitos de Meoqui: \u201cEl arte, el cine y la imaginaci\u00f3n pueden hacer que nuestras leyendas sigan vivas, que sigan atrayendo a la gente y que sigan despertando ese orgullo de ser quienes somos\u201d, coment\u00f3. Por su parte, Idalia L\u00f3pez, directora ejecutiva de Historias Cortas de Terror, agradeci\u00f3 el apoyo del Gobierno Municipal de Meoqui, resaltando la hospitalidad y el entusiasmo de la gente durante las grabaciones: \u201cNos recibieron con los brazos abiertos. En cada lugar donde filmamos encontramos sonrisas y apoyo; realmente no quer\u00edamos irnos de esta hermosa ciudad\u201d, explicando que \u201cHistorias Cortas de Terror\u201d naci\u00f3 con la intenci\u00f3n de rescatar las leyendas tradicionales de Chihuahua y dar espacio al talento local, tanto delante como detr\u00e1s de c\u00e1maras: \u201cEl proyecto est\u00e1 conformado casi en su totalidad por j\u00f3venes cineastas chihuahuenses. Cada a\u00f1o crece m\u00e1s, hay mayor calidad y m\u00e1s participaci\u00f3n. En esta edici\u00f3n somos m\u00e1s de 30 personas involucradas entre directores, actores, productores, sonidistas y vestuario\u201d, explic\u00f3. Por \u00faltimo, la alcaldesa Miriam Soto inform\u00f3 que esta proyecci\u00f3n forma parte del programa \u201cMisterio y Memoria: La Huella de los Monitos de Meoqui\u201d, con el que se conmemorar\u00e1 el 38\u00b0 aniversario de esta emblem\u00e1tica leyenda. En coordinaci\u00f3n con el Gobierno del Estado, a trav\u00e9s de la Secretar\u00eda de Turismo y el Fideicomiso \u00a1Ah Chihuahua!, as\u00ed como con la Universidad Aut\u00f3noma de Chihuahua y su Facultad de Filosof\u00eda y Letras, se llevar\u00e1n a cabo diversas actividades culturales, entre ellas la presentaci\u00f3n del libro \u201cLos Monitos de Meoqui \u00bfFantas\u00eda o Realidad?\u201d del Dr. Javier Contreras Orozco; la proyecci\u00f3n del documental \u201cLos Monitos de Meoqui\u201d elaborado por estudiantes y docentes de la UACH; y la lectura dramatizada \u201cFabularum: Monitos de Meoqui\u201d, del Dr. Alejandro Garc\u00eda Hern\u00e1ndez. Estas presentaciones tambi\u00e9n llegar\u00e1n a Meoqui durante la primera semana de noviembre, junto con una mesa panel de estudiantes y profesores, para seguir compartiendo y preservando las historias que forman parte de la identidad del municipio.<\/p>\n","protected":false},"author":2,"featured_media":18406,"comment_status":"open","ping_status":"open","sticky":false,"template":"","format":"standard","meta":{"_monsterinsights_skip_tracking":false,"_monsterinsights_sitenote_active":false,"_monsterinsights_sitenote_note":"","_monsterinsights_sitenote_category":0,"advanced_seo_description":"","jetpack_seo_html_title":"","jetpack_seo_noindex":false,"_jetpack_memberships_contains_paid_content":false,"footnotes":"","jetpack_publicize_message":"","jetpack_publicize_feature_enabled":true,"jetpack_social_post_already_shared":true,"jetpack_social_options":{"image_generator_settings":{"template":"highway","enabled":false},"version":2}},"categories":[135,7,11],"tags":[],"class_list":["post-18405","post","type-post","status-publish","format-standard","has-post-thumbnail","hentry","category-lo-mas-leido","category-local","category-principal"],"jetpack_publicize_connections":[],"jetpack_sharing_enabled":true,"jetpack_featured_media_url":"https:\/\/i0.wp.com\/alcierrenoticias.com\/wp-content\/uploads\/2025\/10\/WhatsApp-Image-2025-10-22-at-4.48.33-PM.jpeg?fit=1280%2C853&ssl=1","amp_enabled":true,"_links":{"self":[{"href":"https:\/\/alcierrenoticias.com\/index.php\/wp-json\/wp\/v2\/posts\/18405","targetHints":{"allow":["GET"]}}],"collection":[{"href":"https:\/\/alcierrenoticias.com\/index.php\/wp-json\/wp\/v2\/posts"}],"about":[{"href":"https:\/\/alcierrenoticias.com\/index.php\/wp-json\/wp\/v2\/types\/post"}],"author":[{"embeddable":true,"href":"https:\/\/alcierrenoticias.com\/index.php\/wp-json\/wp\/v2\/users\/2"}],"replies":[{"embeddable":true,"href":"https:\/\/alcierrenoticias.com\/index.php\/wp-json\/wp\/v2\/comments?post=18405"}],"version-history":[{"count":2,"href":"https:\/\/alcierrenoticias.com\/index.php\/wp-json\/wp\/v2\/posts\/18405\/revisions"}],"predecessor-version":[{"id":18408,"href":"https:\/\/alcierrenoticias.com\/index.php\/wp-json\/wp\/v2\/posts\/18405\/revisions\/18408"}],"wp:featuredmedia":[{"embeddable":true,"href":"https:\/\/alcierrenoticias.com\/index.php\/wp-json\/wp\/v2\/media\/18406"}],"wp:attachment":[{"href":"https:\/\/alcierrenoticias.com\/index.php\/wp-json\/wp\/v2\/media?parent=18405"}],"wp:term":[{"taxonomy":"category","embeddable":true,"href":"https:\/\/alcierrenoticias.com\/index.php\/wp-json\/wp\/v2\/categories?post=18405"},{"taxonomy":"post_tag","embeddable":true,"href":"https:\/\/alcierrenoticias.com\/index.php\/wp-json\/wp\/v2\/tags?post=18405"}],"curies":[{"name":"wp","href":"https:\/\/api.w.org\/{rel}","templated":true}]}}