{"id":1839,"date":"2023-04-17T15:48:55","date_gmt":"2023-04-17T21:48:55","guid":{"rendered":"https:\/\/alcierrenoticias.com\/?p=1839"},"modified":"2023-04-17T15:48:55","modified_gmt":"2023-04-17T21:48:55","slug":"reforestan-con-80-pinos-pinoneros-el-acceso-norte-de-meoqui","status":"publish","type":"post","link":"https:\/\/alcierrenoticias.com\/index.php\/2023\/04\/17\/reforestan-con-80-pinos-pinoneros-el-acceso-norte-de-meoqui\/","title":{"rendered":"Reforestan con 80 pinos pi\u00f1oneros el Acceso Norte de Meoqui."},"content":{"rendered":"<p><em>La alcaldesa Miriam Soto supervis\u00f3 los trabajos y la limpieza del \u00e1rea<\/em><\/p>\n<p>&nbsp;<\/p>\n<p>Con un total de 80 pinos pi\u00f1oneros se realiza la reforestaci\u00f3n del Acceso Norte del municipio de Meoqui, as\u00ed lo dio a conocer la alcaldesa Miriam Soto luego de supervisar los trabajos y limpieza del \u00e1rea que realizan las cuadrillas de Servicios P\u00fablicos Municipales en el \u00e1rea norte de la cabecera municipal.<\/p>\n<p>&nbsp;<\/p>\n<p>\u201cEstamos trabajando en la reforestaci\u00f3n del acceso norte colocando algunos pinos, son m\u00e1s de 40 pinos los que se han colocado y faltan otro tanto de estos, que fueron otorgados por Gobierno del Estado, recordar que es un tema de salud p\u00fablica y sustentabilidad, todos sabemos los beneficios que nos brindan los \u00e1rboles y \u00e1reas verdes\u201d, inform\u00f3 la alcaldesa.<\/p>\n<p><img data-recalc-dims=\"1\" fetchpriority=\"high\" decoding=\"async\" class=\"alignnone  wp-image-1841\" src=\"https:\/\/i0.wp.com\/alcierrenoticias.com\/wp-content\/uploads\/2023\/04\/WhatsApp-Image-2023-04-17-at-3.32.56-PM-1.jpeg?resize=750%2C505&#038;ssl=1\" alt=\"\" width=\"750\" height=\"505\" srcset=\"https:\/\/i0.wp.com\/alcierrenoticias.com\/wp-content\/uploads\/2023\/04\/WhatsApp-Image-2023-04-17-at-3.32.56-PM-1.jpeg?resize=300%2C202&amp;ssl=1 300w, https:\/\/i0.wp.com\/alcierrenoticias.com\/wp-content\/uploads\/2023\/04\/WhatsApp-Image-2023-04-17-at-3.32.56-PM-1.jpeg?resize=1024%2C689&amp;ssl=1 1024w, https:\/\/i0.wp.com\/alcierrenoticias.com\/wp-content\/uploads\/2023\/04\/WhatsApp-Image-2023-04-17-at-3.32.56-PM-1.jpeg?resize=768%2C516&amp;ssl=1 768w, https:\/\/i0.wp.com\/alcierrenoticias.com\/wp-content\/uploads\/2023\/04\/WhatsApp-Image-2023-04-17-at-3.32.56-PM-1.jpeg?resize=1536%2C1033&amp;ssl=1 1536w, https:\/\/i0.wp.com\/alcierrenoticias.com\/wp-content\/uploads\/2023\/04\/WhatsApp-Image-2023-04-17-at-3.32.56-PM-1.jpeg?resize=95%2C65&amp;ssl=1 95w, https:\/\/i0.wp.com\/alcierrenoticias.com\/wp-content\/uploads\/2023\/04\/WhatsApp-Image-2023-04-17-at-3.32.56-PM-1.jpeg?w=1600&amp;ssl=1 1600w\" sizes=\"(max-width: 750px) 100vw, 750px\" \/><\/p>\n<p>Comparti\u00f3 que tambi\u00e9n reforestaron el Bulevar Eduardo N\u00e1jera, donde colocaron Vareta de \u00c1lamo en puntos estrat\u00e9gicos, y precis\u00f3: \u201cHemos mantenido el cuidado en las \u00e1reas verdes, estamos utilizando tambi\u00e9n el riego con pipas, trabajamos en todos los rincones del municipio y lo vamos a seguir haciendo\u201d.<\/p>\n<p>&nbsp;<\/p>\n<p>En esta supervisi\u00f3n estuvo acompa\u00f1ando a la alcaldesa el director de Servicios P\u00fablicos Municipales, No\u00e9 Legarreta, quien resalt\u00f3 que en estos trabajos quitaron alrededor de 70 \u00e1lamos secos, esto originado por la sequ\u00eda que vivi\u00f3 todo el estado, agregando que los pinos colocados requerir\u00e1n menos recurso h\u00eddrico.<\/p>\n","protected":false},"excerpt":{"rendered":"<p>La alcaldesa Miriam Soto supervis\u00f3 los trabajos y la limpieza del \u00e1rea &nbsp; Con un total de 80 pinos pi\u00f1oneros se realiza la reforestaci\u00f3n del Acceso Norte del municipio de Meoqui, as\u00ed lo dio a conocer la alcaldesa Miriam Soto luego de supervisar los trabajos y limpieza del \u00e1rea que realizan las cuadrillas de Servicios P\u00fablicos Municipales en el \u00e1rea norte de la cabecera municipal. &nbsp; \u201cEstamos trabajando en la reforestaci\u00f3n del acceso norte colocando algunos pinos, son m\u00e1s de 40 pinos los que se han colocado y faltan otro tanto de estos, que fueron otorgados por Gobierno del Estado, recordar que es un tema de salud p\u00fablica y sustentabilidad, todos sabemos los beneficios que nos brindan los \u00e1rboles y \u00e1reas verdes\u201d, inform\u00f3 la alcaldesa. Comparti\u00f3 que tambi\u00e9n reforestaron el Bulevar Eduardo N\u00e1jera, donde colocaron Vareta de \u00c1lamo en puntos estrat\u00e9gicos, y precis\u00f3: \u201cHemos mantenido el cuidado en las \u00e1reas verdes, estamos utilizando tambi\u00e9n el riego con pipas, trabajamos en todos los rincones del municipio y lo vamos a seguir haciendo\u201d. &nbsp; En esta supervisi\u00f3n estuvo acompa\u00f1ando a la alcaldesa el director de Servicios P\u00fablicos Municipales, No\u00e9 Legarreta, quien resalt\u00f3 que en estos trabajos quitaron alrededor de 70 \u00e1lamos secos, esto originado por la sequ\u00eda que vivi\u00f3 todo el estado, agregando que los pinos colocados requerir\u00e1n menos recurso h\u00eddrico.<\/p>\n","protected":false},"author":2,"featured_media":1840,"comment_status":"open","ping_status":"open","sticky":false,"template":"","format":"standard","meta":{"_monsterinsights_skip_tracking":false,"_monsterinsights_sitenote_active":false,"_monsterinsights_sitenote_note":"","_monsterinsights_sitenote_category":0,"advanced_seo_description":"","jetpack_seo_html_title":"","jetpack_seo_noindex":false,"_jetpack_memberships_contains_paid_content":false,"footnotes":"","jetpack_publicize_message":"","jetpack_publicize_feature_enabled":true,"jetpack_social_post_already_shared":true,"jetpack_social_options":{"image_generator_settings":{"template":"highway","enabled":false},"version":2}},"categories":[135,7,11],"tags":[],"class_list":["post-1839","post","type-post","status-publish","format-standard","has-post-thumbnail","hentry","category-lo-mas-leido","category-local","category-principal"],"jetpack_publicize_connections":[],"jetpack_sharing_enabled":true,"jetpack_featured_media_url":"https:\/\/i0.wp.com\/alcierrenoticias.com\/wp-content\/uploads\/2023\/04\/WhatsApp-Image-2023-04-17-at-3.32.56-PM.jpeg?fit=1600%2C1046&ssl=1","amp_enabled":true,"_links":{"self":[{"href":"https:\/\/alcierrenoticias.com\/index.php\/wp-json\/wp\/v2\/posts\/1839","targetHints":{"allow":["GET"]}}],"collection":[{"href":"https:\/\/alcierrenoticias.com\/index.php\/wp-json\/wp\/v2\/posts"}],"about":[{"href":"https:\/\/alcierrenoticias.com\/index.php\/wp-json\/wp\/v2\/types\/post"}],"author":[{"embeddable":true,"href":"https:\/\/alcierrenoticias.com\/index.php\/wp-json\/wp\/v2\/users\/2"}],"replies":[{"embeddable":true,"href":"https:\/\/alcierrenoticias.com\/index.php\/wp-json\/wp\/v2\/comments?post=1839"}],"version-history":[{"count":1,"href":"https:\/\/alcierrenoticias.com\/index.php\/wp-json\/wp\/v2\/posts\/1839\/revisions"}],"predecessor-version":[{"id":1842,"href":"https:\/\/alcierrenoticias.com\/index.php\/wp-json\/wp\/v2\/posts\/1839\/revisions\/1842"}],"wp:featuredmedia":[{"embeddable":true,"href":"https:\/\/alcierrenoticias.com\/index.php\/wp-json\/wp\/v2\/media\/1840"}],"wp:attachment":[{"href":"https:\/\/alcierrenoticias.com\/index.php\/wp-json\/wp\/v2\/media?parent=1839"}],"wp:term":[{"taxonomy":"category","embeddable":true,"href":"https:\/\/alcierrenoticias.com\/index.php\/wp-json\/wp\/v2\/categories?post=1839"},{"taxonomy":"post_tag","embeddable":true,"href":"https:\/\/alcierrenoticias.com\/index.php\/wp-json\/wp\/v2\/tags?post=1839"}],"curies":[{"name":"wp","href":"https:\/\/api.w.org\/{rel}","templated":true}]}}