{"id":18369,"date":"2025-10-21T16:23:15","date_gmt":"2025-10-21T22:23:15","guid":{"rendered":"https:\/\/alcierrenoticias.com\/?p=18369"},"modified":"2025-10-22T13:27:18","modified_gmt":"2025-10-22T19:27:18","slug":"tony-melendez-llama-a-incluir-a-la-comision-de-ganaderia-en-el-analisis-de-la-ley-general-de-aguas","status":"publish","type":"post","link":"https:\/\/alcierrenoticias.com\/index.php\/2025\/10\/21\/tony-melendez-llama-a-incluir-a-la-comision-de-ganaderia-en-el-analisis-de-la-ley-general-de-aguas\/","title":{"rendered":"Tony Mel\u00e9ndez llama a incluir a la Comisi\u00f3n de Ganader\u00eda en el an\u00e1lisis de la Ley General de Aguas."},"content":{"rendered":"<p>Durante la Novena Reuni\u00f3n Ordinaria de la Comisi\u00f3n de Ganader\u00eda, el diputado federal Juan Antonio Mel\u00e9ndez Ortega hizo un llamado a que este \u00f3rgano legislativo sea considerado en la discusi\u00f3n de la nueva Ley General de Aguas, al reconocer la estrecha relaci\u00f3n que existe entre el sector ganadero y el uso responsable del recurso h\u00eddrico.<\/p>\n<p>El legislador chihuahuense destac\u00f3 que la ganader\u00eda y la agricultura son pilares fundamentales del sector primario en M\u00e9xico, por lo que cualquier modificaci\u00f3n en materia de agua impactar\u00e1 directamente en su productividad y sustentabilidad.<\/p>\n<p>\u201cEl tema ganadero va a venir a cambiar la din\u00e1mica de las actividades agr\u00edcolas y pecuarias; por eso es indispensable que esta comisi\u00f3n participe y emita una opini\u00f3n sobre la ley que pr\u00f3ximamente se discutir\u00e1\u201d, expres\u00f3 Mel\u00e9ndez Ortega.<\/p>\n<p>Asimismo, inform\u00f3 que productores de diversos estados del pa\u00eds han manifestado su preocupaci\u00f3n ante posibles afectaciones derivadas de la reforma, por lo que reiter\u00f3 la necesidad de tomar decisiones humanas, responsables y equilibradas, que no perjudiquen la actividad agr\u00edcola ni ganadera.<\/p>\n<p>Finalmente, subray\u00f3 que los integrantes de la Comisi\u00f3n de Ganader\u00eda deben ser parte activa en la construcci\u00f3n de soluciones que fortalezcan el campo mexicano y garanticen un aprovechamiento justo y sostenible de los recursos naturales.<\/p>\n","protected":false},"excerpt":{"rendered":"<p>Durante la Novena Reuni\u00f3n Ordinaria de la Comisi\u00f3n de Ganader\u00eda, el diputado federal Juan Antonio Mel\u00e9ndez Ortega hizo un llamado a que este \u00f3rgano legislativo sea considerado en la discusi\u00f3n de la nueva Ley General de Aguas, al reconocer la estrecha relaci\u00f3n que existe entre el sector ganadero y el uso responsable del recurso h\u00eddrico. El legislador chihuahuense destac\u00f3 que la ganader\u00eda y la agricultura son pilares fundamentales del sector primario en M\u00e9xico, por lo que cualquier modificaci\u00f3n en materia de agua impactar\u00e1 directamente en su productividad y sustentabilidad. \u201cEl tema ganadero va a venir a cambiar la din\u00e1mica de las actividades agr\u00edcolas y pecuarias; por eso es indispensable que esta comisi\u00f3n participe y emita una opini\u00f3n sobre la ley que pr\u00f3ximamente se discutir\u00e1\u201d, expres\u00f3 Mel\u00e9ndez Ortega. Asimismo, inform\u00f3 que productores de diversos estados del pa\u00eds han manifestado su preocupaci\u00f3n ante posibles afectaciones derivadas de la reforma, por lo que reiter\u00f3 la necesidad de tomar decisiones humanas, responsables y equilibradas, que no perjudiquen la actividad agr\u00edcola ni ganadera. Finalmente, subray\u00f3 que los integrantes de la Comisi\u00f3n de Ganader\u00eda deben ser parte activa en la construcci\u00f3n de soluciones que fortalezcan el campo mexicano y garanticen un aprovechamiento justo y sostenible de los recursos naturales.<\/p>\n","protected":false},"author":2,"featured_media":18370,"comment_status":"open","ping_status":"open","sticky":false,"template":"","format":"standard","meta":{"_monsterinsights_skip_tracking":false,"_monsterinsights_sitenote_active":false,"_monsterinsights_sitenote_note":"","_monsterinsights_sitenote_category":0,"advanced_seo_description":"","jetpack_seo_html_title":"","jetpack_seo_noindex":false,"_jetpack_memberships_contains_paid_content":false,"footnotes":"","jetpack_publicize_message":"","jetpack_publicize_feature_enabled":true,"jetpack_social_post_already_shared":true,"jetpack_social_options":{"image_generator_settings":{"template":"highway","enabled":false},"version":2}},"categories":[8,135,11],"tags":[],"class_list":["post-18369","post","type-post","status-publish","format-standard","has-post-thumbnail","hentry","category-estado","category-lo-mas-leido","category-principal"],"jetpack_publicize_connections":[],"jetpack_sharing_enabled":true,"jetpack_featured_media_url":"https:\/\/i0.wp.com\/alcierrenoticias.com\/wp-content\/uploads\/2025\/10\/WhatsApp-Image-2025-10-21-at-4.13.27-PM.jpeg?fit=1280%2C960&ssl=1","amp_enabled":true,"_links":{"self":[{"href":"https:\/\/alcierrenoticias.com\/index.php\/wp-json\/wp\/v2\/posts\/18369","targetHints":{"allow":["GET"]}}],"collection":[{"href":"https:\/\/alcierrenoticias.com\/index.php\/wp-json\/wp\/v2\/posts"}],"about":[{"href":"https:\/\/alcierrenoticias.com\/index.php\/wp-json\/wp\/v2\/types\/post"}],"author":[{"embeddable":true,"href":"https:\/\/alcierrenoticias.com\/index.php\/wp-json\/wp\/v2\/users\/2"}],"replies":[{"embeddable":true,"href":"https:\/\/alcierrenoticias.com\/index.php\/wp-json\/wp\/v2\/comments?post=18369"}],"version-history":[{"count":2,"href":"https:\/\/alcierrenoticias.com\/index.php\/wp-json\/wp\/v2\/posts\/18369\/revisions"}],"predecessor-version":[{"id":18372,"href":"https:\/\/alcierrenoticias.com\/index.php\/wp-json\/wp\/v2\/posts\/18369\/revisions\/18372"}],"wp:featuredmedia":[{"embeddable":true,"href":"https:\/\/alcierrenoticias.com\/index.php\/wp-json\/wp\/v2\/media\/18370"}],"wp:attachment":[{"href":"https:\/\/alcierrenoticias.com\/index.php\/wp-json\/wp\/v2\/media?parent=18369"}],"wp:term":[{"taxonomy":"category","embeddable":true,"href":"https:\/\/alcierrenoticias.com\/index.php\/wp-json\/wp\/v2\/categories?post=18369"},{"taxonomy":"post_tag","embeddable":true,"href":"https:\/\/alcierrenoticias.com\/index.php\/wp-json\/wp\/v2\/tags?post=18369"}],"curies":[{"name":"wp","href":"https:\/\/api.w.org\/{rel}","templated":true}]}}