{"id":18347,"date":"2025-10-21T09:02:44","date_gmt":"2025-10-21T15:02:44","guid":{"rendered":"https:\/\/alcierrenoticias.com\/?p=18347"},"modified":"2025-10-22T13:07:45","modified_gmt":"2025-10-22T19:07:45","slug":"emprendedores-y-productores-camarguenses-participan-en-el-festival-de-la-cosecha-en-delicias-agradecen-apoyo-del-alcalde-jorge-aldana","status":"publish","type":"post","link":"https:\/\/alcierrenoticias.com\/index.php\/2025\/10\/21\/emprendedores-y-productores-camarguenses-participan-en-el-festival-de-la-cosecha-en-delicias-agradecen-apoyo-del-alcalde-jorge-aldana\/","title":{"rendered":"Emprendedores y productores camarguenses participan en el Festival de la Cosecha en Delicias: agradecen apoyo del alcalde Jorge Aldana."},"content":{"rendered":"<p>El Gobierno Municipal de Camargo, a trav\u00e9s de la Direcci\u00f3n de Desarrollo Econ\u00f3mico encabezada por Natalia J\u00e1cquez, apoy\u00f3 a los emprendedores y productores para formar parte del Festival de la Cosecha en el municipio de Delicias.<\/p>\n<p>La directora Natalia J\u00e1cquez acompa\u00f1\u00f3 a los participantes durante su traslado a Delicias, donde m\u00e1s de cinco productores camarguenses tuvieron la oportunidad de exponer sus productos y dar a conocer todo lo que se elabora en el municipio.<\/p>\n<p>Se present\u00f3 una gran variedad de art\u00edculos elaborados con chipotle, destacando el talento y la calidad de los productores locales.<\/p>\n<p>El Gobierno de Camargo agradece al municipio de Delicias y a su alcalde Jes\u00fas Valenciano por todas las facilidades y por considerar a Camargo como municipio invitado en este importante evento regional.<\/p>\n","protected":false},"excerpt":{"rendered":"<p>El Gobierno Municipal de Camargo, a trav\u00e9s de la Direcci\u00f3n de Desarrollo Econ\u00f3mico encabezada por Natalia J\u00e1cquez, apoy\u00f3 a los emprendedores y productores para formar parte del Festival de la Cosecha en el municipio de Delicias. La directora Natalia J\u00e1cquez acompa\u00f1\u00f3 a los participantes durante su traslado a Delicias, donde m\u00e1s de cinco productores camarguenses tuvieron la oportunidad de exponer sus productos y dar a conocer todo lo que se elabora en el municipio. Se present\u00f3 una gran variedad de art\u00edculos elaborados con chipotle, destacando el talento y la calidad de los productores locales. El Gobierno de Camargo agradece al municipio de Delicias y a su alcalde Jes\u00fas Valenciano por todas las facilidades y por considerar a Camargo como municipio invitado en este importante evento regional.<\/p>\n","protected":false},"author":2,"featured_media":18348,"comment_status":"open","ping_status":"open","sticky":false,"template":"","format":"standard","meta":{"_monsterinsights_skip_tracking":false,"_monsterinsights_sitenote_active":false,"_monsterinsights_sitenote_note":"","_monsterinsights_sitenote_category":0,"advanced_seo_description":"","jetpack_seo_html_title":"","jetpack_seo_noindex":false,"_jetpack_memberships_contains_paid_content":false,"footnotes":"","jetpack_publicize_message":"","jetpack_publicize_feature_enabled":true,"jetpack_social_post_already_shared":true,"jetpack_social_options":{"image_generator_settings":{"template":"highway","enabled":false},"version":2}},"categories":[8,135,11],"tags":[],"class_list":["post-18347","post","type-post","status-publish","format-standard","has-post-thumbnail","hentry","category-estado","category-lo-mas-leido","category-principal"],"jetpack_publicize_connections":[],"jetpack_sharing_enabled":true,"jetpack_featured_media_url":"https:\/\/i0.wp.com\/alcierrenoticias.com\/wp-content\/uploads\/2025\/10\/WhatsApp-Image-2025-10-21-at-8.41.00-AM.jpeg?fit=1280%2C960&ssl=1","amp_enabled":true,"_links":{"self":[{"href":"https:\/\/alcierrenoticias.com\/index.php\/wp-json\/wp\/v2\/posts\/18347","targetHints":{"allow":["GET"]}}],"collection":[{"href":"https:\/\/alcierrenoticias.com\/index.php\/wp-json\/wp\/v2\/posts"}],"about":[{"href":"https:\/\/alcierrenoticias.com\/index.php\/wp-json\/wp\/v2\/types\/post"}],"author":[{"embeddable":true,"href":"https:\/\/alcierrenoticias.com\/index.php\/wp-json\/wp\/v2\/users\/2"}],"replies":[{"embeddable":true,"href":"https:\/\/alcierrenoticias.com\/index.php\/wp-json\/wp\/v2\/comments?post=18347"}],"version-history":[{"count":2,"href":"https:\/\/alcierrenoticias.com\/index.php\/wp-json\/wp\/v2\/posts\/18347\/revisions"}],"predecessor-version":[{"id":18350,"href":"https:\/\/alcierrenoticias.com\/index.php\/wp-json\/wp\/v2\/posts\/18347\/revisions\/18350"}],"wp:featuredmedia":[{"embeddable":true,"href":"https:\/\/alcierrenoticias.com\/index.php\/wp-json\/wp\/v2\/media\/18348"}],"wp:attachment":[{"href":"https:\/\/alcierrenoticias.com\/index.php\/wp-json\/wp\/v2\/media?parent=18347"}],"wp:term":[{"taxonomy":"category","embeddable":true,"href":"https:\/\/alcierrenoticias.com\/index.php\/wp-json\/wp\/v2\/categories?post=18347"},{"taxonomy":"post_tag","embeddable":true,"href":"https:\/\/alcierrenoticias.com\/index.php\/wp-json\/wp\/v2\/tags?post=18347"}],"curies":[{"name":"wp","href":"https:\/\/api.w.org\/{rel}","templated":true}]}}