{"id":18339,"date":"2025-10-20T18:08:54","date_gmt":"2025-10-21T00:08:54","guid":{"rendered":"https:\/\/alcierrenoticias.com\/?p=18339"},"modified":"2025-10-22T12:58:06","modified_gmt":"2025-10-22T18:58:06","slug":"capacitan-a-funcionarios-de-meoqui-en-perspectivas-familiares","status":"publish","type":"post","link":"https:\/\/alcierrenoticias.com\/index.php\/2025\/10\/20\/capacitan-a-funcionarios-de-meoqui-en-perspectivas-familiares\/","title":{"rendered":"Capacitan a funcionarios de Meoqui en Perspectivas Familiares."},"content":{"rendered":"<p>Seguimos brindando herramientas y estrategias a favor de la familia: Alcaldesa\u00a0Miriam\u00a0Soto<\/p>\n<p>En Meoqui, se llev\u00f3 a cabo una capacitaci\u00f3n en temas de Pol\u00edticas Familiares, brindando herramientas y estrategias para pol\u00edticas p\u00fablicas a favor de la familia, siendo adem\u00e1s el 1er municipio en todo el estado de Chihuahua en tener el Diagn\u00f3stico de Din\u00e1mica Familiar.<\/p>\n<p>\u201cEstamos capacitando a nuestro gabinete en lo que es la perspectiva familiar y su importancia, porque todo lo que hacemos en nuestro trabajo tiene un impacto directo en las familias. Es iniciar trabajando desde adentro para tambi\u00e9n hacerlo al exterior\u201d, expres\u00f3 la alcaldesa Miriam Soto.<\/p>\n<p>Asimismo, dio a conocer que este primer diagn\u00f3stico de las familias de Meoqui, permite orientar los programas y pol\u00edticas p\u00fablicas hacia las necesidades reales de la poblaci\u00f3n: \u201cLa familia no la vemos como un tema particular, sino como un elemento prioritario en cada una de las decisiones que tomamos en el gobierno\u201d, destac\u00f3 la alcaldesa.<\/p>\n<p>Cabe se\u00f1alar que se estar\u00e1 llevando a cabo la implementaci\u00f3n del programa \u201cEscuelas Positivas\u201d, en colaboraci\u00f3n con las instituciones educativas del municipio donde se realizar\u00e1n acciones como la conformaci\u00f3n de Comit\u00e9s Escolares de Educaci\u00f3n Positiva, as\u00ed como la aplicaci\u00f3n de un Radar Autodiagn\u00f3stico, capacitaciones en Educaci\u00f3n Positiva, Salud Mental y Cultura de Paz y la utilizaci\u00f3n de una Plataforma de Inteligencia Artificial<\/p>\n","protected":false},"excerpt":{"rendered":"<p>Seguimos brindando herramientas y estrategias a favor de la familia: Alcaldesa\u00a0Miriam\u00a0Soto En Meoqui, se llev\u00f3 a cabo una capacitaci\u00f3n en temas de Pol\u00edticas Familiares, brindando herramientas y estrategias para pol\u00edticas p\u00fablicas a favor de la familia, siendo adem\u00e1s el 1er municipio en todo el estado de Chihuahua en tener el Diagn\u00f3stico de Din\u00e1mica Familiar. \u201cEstamos capacitando a nuestro gabinete en lo que es la perspectiva familiar y su importancia, porque todo lo que hacemos en nuestro trabajo tiene un impacto directo en las familias. Es iniciar trabajando desde adentro para tambi\u00e9n hacerlo al exterior\u201d, expres\u00f3 la alcaldesa Miriam Soto. Asimismo, dio a conocer que este primer diagn\u00f3stico de las familias de Meoqui, permite orientar los programas y pol\u00edticas p\u00fablicas hacia las necesidades reales de la poblaci\u00f3n: \u201cLa familia no la vemos como un tema particular, sino como un elemento prioritario en cada una de las decisiones que tomamos en el gobierno\u201d, destac\u00f3 la alcaldesa. Cabe se\u00f1alar que se estar\u00e1 llevando a cabo la implementaci\u00f3n del programa \u201cEscuelas Positivas\u201d, en colaboraci\u00f3n con las instituciones educativas del municipio donde se realizar\u00e1n acciones como la conformaci\u00f3n de Comit\u00e9s Escolares de Educaci\u00f3n Positiva, as\u00ed como la aplicaci\u00f3n de un Radar Autodiagn\u00f3stico, capacitaciones en Educaci\u00f3n Positiva, Salud Mental y Cultura de Paz y la utilizaci\u00f3n de una Plataforma de Inteligencia Artificial<\/p>\n","protected":false},"author":2,"featured_media":18340,"comment_status":"open","ping_status":"open","sticky":false,"template":"","format":"standard","meta":{"_monsterinsights_skip_tracking":false,"_monsterinsights_sitenote_active":false,"_monsterinsights_sitenote_note":"","_monsterinsights_sitenote_category":0,"advanced_seo_description":"","jetpack_seo_html_title":"","jetpack_seo_noindex":false,"_jetpack_memberships_contains_paid_content":false,"footnotes":"","jetpack_publicize_message":"","jetpack_publicize_feature_enabled":true,"jetpack_social_post_already_shared":true,"jetpack_social_options":{"image_generator_settings":{"template":"highway","enabled":false},"version":2}},"categories":[135,7,11],"tags":[],"class_list":["post-18339","post","type-post","status-publish","format-standard","has-post-thumbnail","hentry","category-lo-mas-leido","category-local","category-principal"],"jetpack_publicize_connections":[],"jetpack_sharing_enabled":true,"jetpack_featured_media_url":"https:\/\/i0.wp.com\/alcierrenoticias.com\/wp-content\/uploads\/2025\/10\/WhatsApp-Image-2025-10-20-at-5.48.48-PM.jpeg?fit=1280%2C853&ssl=1","amp_enabled":true,"_links":{"self":[{"href":"https:\/\/alcierrenoticias.com\/index.php\/wp-json\/wp\/v2\/posts\/18339","targetHints":{"allow":["GET"]}}],"collection":[{"href":"https:\/\/alcierrenoticias.com\/index.php\/wp-json\/wp\/v2\/posts"}],"about":[{"href":"https:\/\/alcierrenoticias.com\/index.php\/wp-json\/wp\/v2\/types\/post"}],"author":[{"embeddable":true,"href":"https:\/\/alcierrenoticias.com\/index.php\/wp-json\/wp\/v2\/users\/2"}],"replies":[{"embeddable":true,"href":"https:\/\/alcierrenoticias.com\/index.php\/wp-json\/wp\/v2\/comments?post=18339"}],"version-history":[{"count":2,"href":"https:\/\/alcierrenoticias.com\/index.php\/wp-json\/wp\/v2\/posts\/18339\/revisions"}],"predecessor-version":[{"id":18342,"href":"https:\/\/alcierrenoticias.com\/index.php\/wp-json\/wp\/v2\/posts\/18339\/revisions\/18342"}],"wp:featuredmedia":[{"embeddable":true,"href":"https:\/\/alcierrenoticias.com\/index.php\/wp-json\/wp\/v2\/media\/18340"}],"wp:attachment":[{"href":"https:\/\/alcierrenoticias.com\/index.php\/wp-json\/wp\/v2\/media?parent=18339"}],"wp:term":[{"taxonomy":"category","embeddable":true,"href":"https:\/\/alcierrenoticias.com\/index.php\/wp-json\/wp\/v2\/categories?post=18339"},{"taxonomy":"post_tag","embeddable":true,"href":"https:\/\/alcierrenoticias.com\/index.php\/wp-json\/wp\/v2\/tags?post=18339"}],"curies":[{"name":"wp","href":"https:\/\/api.w.org\/{rel}","templated":true}]}}