{"id":18335,"date":"2025-10-20T17:12:34","date_gmt":"2025-10-20T23:12:34","guid":{"rendered":"https:\/\/alcierrenoticias.com\/?p=18335"},"modified":"2025-10-22T12:38:23","modified_gmt":"2025-10-22T18:38:23","slug":"benefician-en-meoqui-a-mas-de-mil-300-alumnos-con-programa-de-prevencion-de-incendios-aprende-a-mantenerte-seguro","status":"publish","type":"post","link":"https:\/\/alcierrenoticias.com\/index.php\/2025\/10\/20\/benefician-en-meoqui-a-mas-de-mil-300-alumnos-con-programa-de-prevencion-de-incendios-aprende-a-mantenerte-seguro\/","title":{"rendered":"Benefician en Meoqui a m\u00e1s de mil 300 alumnos con programa de prevenci\u00f3n de incendios \u201cAprende a Mantenerte Seguro\u201d."},"content":{"rendered":"<p>Llegan a 6 preescolares y primarias del municipio en lo que va del ciclo escolar<\/p>\n<p>El Gobierno de Meoqui, a trav\u00e9s de la Coordinaci\u00f3n de Protecci\u00f3n Civil y Bomberos de la DSPM, continua impartiendo el programa de prevenci\u00f3n de incendios \u201cAprende a Mantenerte Seguro\u201d en preescolares y primarias del municipio, con la nueva modalidad de tiempo completo, abarcando cada uno de los salones con los que cuenta el plantel, donde se imparten diferentes temas adaptados para que desde peque\u00f1os puedan saber qu\u00e9 hacer en caso de un incendio, logrando concientizar hasta el momento a m\u00e1s de mil 300 alumnos, trabajando con 6 instituciones educativas en lo que va del ciclo escolar.<\/p>\n<p>\u201cLa instrucci\u00f3n de nuestra alcaldesa Miriam Soto, es que ning\u00fan grupo se quede sin recibir esta informaci\u00f3n de prevenci\u00f3n de incendios, sin importar el horario\u201d, as\u00ed lo expres\u00f3, Mart\u00edn Orona, instructor y capacitador de este programa, informando que se ha ampliado su cobertura, donde el personal dedica hasta dos semanas para impartir las sesiones de manera personalizada en cada grupo, a\u00f1adiendo que comenzar\u00e1n con escuelas del turno vespertino.<\/p>\n<p>Asimismo, mencion\u00f3 que, en d\u00edas anteriores, se realiz\u00f3 la visita al Albergue de Jornaleros ubicado en L\u00e1zaro C\u00e1rdenas, donde convivieron con los peque\u00f1os de la escuela ubicada dentro de las instalaciones: \u201cFue muy bonito ver la alegr\u00eda de los ni\u00f1os al subirse a la bombera; buscamos crear momentos inolvidables, recuerdos de felicidad y sobre todo una cultura de prevenci\u00f3n\u201d, agreg\u00f3.<\/p>\n<p>Finalmente coment\u00f3 que se encuentran trabajando en la Escuela Farabundo Mart\u00ed en la Col. Genaro V\u00e1zquez, culminando con el cierre el d\u00eda viernes con una actividad con padres de familia, maestros y alumnos, reiterando la invitaci\u00f3n a las instituciones educativas a sumarse a este programa.<\/p>\n","protected":false},"excerpt":{"rendered":"<p>Llegan a 6 preescolares y primarias del municipio en lo que va del ciclo escolar El Gobierno de Meoqui, a trav\u00e9s de la Coordinaci\u00f3n de Protecci\u00f3n Civil y Bomberos de la DSPM, continua impartiendo el programa de prevenci\u00f3n de incendios \u201cAprende a Mantenerte Seguro\u201d en preescolares y primarias del municipio, con la nueva modalidad de tiempo completo, abarcando cada uno de los salones con los que cuenta el plantel, donde se imparten diferentes temas adaptados para que desde peque\u00f1os puedan saber qu\u00e9 hacer en caso de un incendio, logrando concientizar hasta el momento a m\u00e1s de mil 300 alumnos, trabajando con 6 instituciones educativas en lo que va del ciclo escolar. \u201cLa instrucci\u00f3n de nuestra alcaldesa Miriam Soto, es que ning\u00fan grupo se quede sin recibir esta informaci\u00f3n de prevenci\u00f3n de incendios, sin importar el horario\u201d, as\u00ed lo expres\u00f3, Mart\u00edn Orona, instructor y capacitador de este programa, informando que se ha ampliado su cobertura, donde el personal dedica hasta dos semanas para impartir las sesiones de manera personalizada en cada grupo, a\u00f1adiendo que comenzar\u00e1n con escuelas del turno vespertino. Asimismo, mencion\u00f3 que, en d\u00edas anteriores, se realiz\u00f3 la visita al Albergue de Jornaleros ubicado en L\u00e1zaro C\u00e1rdenas, donde convivieron con los peque\u00f1os de la escuela ubicada dentro de las instalaciones: \u201cFue muy bonito ver la alegr\u00eda de los ni\u00f1os al subirse a la bombera; buscamos crear momentos inolvidables, recuerdos de felicidad y sobre todo una cultura de prevenci\u00f3n\u201d, agreg\u00f3. Finalmente coment\u00f3 que se encuentran trabajando en la Escuela Farabundo Mart\u00ed en la Col. Genaro V\u00e1zquez, culminando con el cierre el d\u00eda viernes con una actividad con padres de familia, maestros y alumnos, reiterando la invitaci\u00f3n a las instituciones educativas a sumarse a este programa.<\/p>\n","protected":false},"author":2,"featured_media":18336,"comment_status":"open","ping_status":"open","sticky":false,"template":"","format":"standard","meta":{"_monsterinsights_skip_tracking":false,"_monsterinsights_sitenote_active":false,"_monsterinsights_sitenote_note":"","_monsterinsights_sitenote_category":0,"advanced_seo_description":"","jetpack_seo_html_title":"","jetpack_seo_noindex":false,"_jetpack_memberships_contains_paid_content":false,"footnotes":"","jetpack_publicize_message":"","jetpack_publicize_feature_enabled":true,"jetpack_social_post_already_shared":true,"jetpack_social_options":{"image_generator_settings":{"template":"highway","enabled":false},"version":2}},"categories":[135,7,11],"tags":[],"class_list":["post-18335","post","type-post","status-publish","format-standard","has-post-thumbnail","hentry","category-lo-mas-leido","category-local","category-principal"],"jetpack_publicize_connections":[],"jetpack_sharing_enabled":true,"jetpack_featured_media_url":"https:\/\/i0.wp.com\/alcierrenoticias.com\/wp-content\/uploads\/2025\/10\/WhatsApp-Image-2025-10-20-at-4.56.06-PM.jpeg?fit=1280%2C959&ssl=1","amp_enabled":true,"_links":{"self":[{"href":"https:\/\/alcierrenoticias.com\/index.php\/wp-json\/wp\/v2\/posts\/18335","targetHints":{"allow":["GET"]}}],"collection":[{"href":"https:\/\/alcierrenoticias.com\/index.php\/wp-json\/wp\/v2\/posts"}],"about":[{"href":"https:\/\/alcierrenoticias.com\/index.php\/wp-json\/wp\/v2\/types\/post"}],"author":[{"embeddable":true,"href":"https:\/\/alcierrenoticias.com\/index.php\/wp-json\/wp\/v2\/users\/2"}],"replies":[{"embeddable":true,"href":"https:\/\/alcierrenoticias.com\/index.php\/wp-json\/wp\/v2\/comments?post=18335"}],"version-history":[{"count":2,"href":"https:\/\/alcierrenoticias.com\/index.php\/wp-json\/wp\/v2\/posts\/18335\/revisions"}],"predecessor-version":[{"id":18338,"href":"https:\/\/alcierrenoticias.com\/index.php\/wp-json\/wp\/v2\/posts\/18335\/revisions\/18338"}],"wp:featuredmedia":[{"embeddable":true,"href":"https:\/\/alcierrenoticias.com\/index.php\/wp-json\/wp\/v2\/media\/18336"}],"wp:attachment":[{"href":"https:\/\/alcierrenoticias.com\/index.php\/wp-json\/wp\/v2\/media?parent=18335"}],"wp:term":[{"taxonomy":"category","embeddable":true,"href":"https:\/\/alcierrenoticias.com\/index.php\/wp-json\/wp\/v2\/categories?post=18335"},{"taxonomy":"post_tag","embeddable":true,"href":"https:\/\/alcierrenoticias.com\/index.php\/wp-json\/wp\/v2\/tags?post=18335"}],"curies":[{"name":"wp","href":"https:\/\/api.w.org\/{rel}","templated":true}]}}