{"id":18331,"date":"2025-10-20T15:19:34","date_gmt":"2025-10-20T21:19:34","guid":{"rendered":"https:\/\/alcierrenoticias.com\/?p=18331"},"modified":"2025-10-20T15:19:38","modified_gmt":"2025-10-20T21:19:38","slug":"encabeza-valenciano-supervision-de-la-fernando-baeza-nueva-conexion-vial-hacia-saucillo","status":"publish","type":"post","link":"https:\/\/alcierrenoticias.com\/index.php\/2025\/10\/20\/encabeza-valenciano-supervision-de-la-fernando-baeza-nueva-conexion-vial-hacia-saucillo\/","title":{"rendered":"Encabeza Valenciano supervisi\u00f3n de la Fernando Baeza, nueva conexi\u00f3n vial hacia Saucillo."},"content":{"rendered":"<p>El presidente municipal de Delicias, Jes\u00fas Valenciano Garc\u00eda, encabez\u00f3 la supervisi\u00f3n de los trabajos de construcci\u00f3n en la prolongaci\u00f3n de la avenida Fernando Baeza, el proyecto contempla una inversi\u00f3n conjunta entre el municipio y el gobierno del estado, y permitir\u00e1 conectar el Poniente con el Oriente de la ciudad, facilitando el tr\u00e1nsito hacia la carretera libre a Saucillo.<\/p>\n<p>Durante el recorrido, el alcalde explic\u00f3 que la obra comprende una extensi\u00f3n de 1.5 kil\u00f3metros y una superficie de 14 mil metros cuadrados. Adem\u00e1s, se incluyen trabajos de instalaci\u00f3n de un colector pluvial, tomas de agua y la pavimentaci\u00f3n total del tramo, que se convertir\u00e1 en una v\u00eda estrat\u00e9gica para mejorar la movilidad urbana y ofrecer una nueva alternativa de acceso y salida al municipio.<\/p>\n<p>Valenciano Garc\u00eda destac\u00f3 que esta vialidad ser\u00e1 clave para desfogar el tr\u00e1fico en zonas como Laderas del Norte, Praderas de Oriente y las ampliaciones de esa \u00e1rea. Subray\u00f3 que esta nueva conexi\u00f3n permitir\u00e1 evitar el paso por la Calzada del Charro y el paso suprimido del ferrocarril, donde los tiempos de espera llegan a ser de hasta tres sem\u00e1foros, beneficiando as\u00ed a miles de automovilistas que circulan diariamente por la zona.<\/p>\n<p>El alcalde reconoci\u00f3 el apoyo de la s\u00edndica municipal, los regidores y del diputado local, quienes gestionaron recursos junto con la gobernadora Maru Campos. \u201cCada proyecto que llevamos, peso a peso nos lo empata el gobierno estatal. Gracias a esa colaboraci\u00f3n hoy podemos hablar de una obra que transformar\u00e1 la conectividad de Delicias y cerrar\u00e1 por fin el circuito de la Fernando Baeza\u201d, expres\u00f3.<\/p>\n<p>Finalmente, Jes\u00fas Valenciano inform\u00f3 que la obra tendr\u00e1 una duraci\u00f3n estimada de entre seis y ocho meses, tiempo en el cual se trabajar\u00e1 de manera continua para entregar una vialidad moderna, funcional y segura. \u201cPor fin vamos a concluir la Fernando Baeza, una avenida que ser\u00e1 un nuevo acceso principal para nuestra ciudad y una muestra del trabajo en equipo que hacemos por Delicias\u201d, concluy\u00f3.<\/p>\n","protected":false},"excerpt":{"rendered":"<p>El presidente municipal de Delicias, Jes\u00fas Valenciano Garc\u00eda, encabez\u00f3 la supervisi\u00f3n de los trabajos de construcci\u00f3n en la prolongaci\u00f3n de la avenida Fernando Baeza, el proyecto contempla una inversi\u00f3n conjunta entre el municipio y el gobierno del estado, y permitir\u00e1 conectar el Poniente con el Oriente de la ciudad, facilitando el tr\u00e1nsito hacia la carretera libre a Saucillo. Durante el recorrido, el alcalde explic\u00f3 que la obra comprende una extensi\u00f3n de 1.5 kil\u00f3metros y una superficie de 14 mil metros cuadrados. Adem\u00e1s, se incluyen trabajos de instalaci\u00f3n de un colector pluvial, tomas de agua y la pavimentaci\u00f3n total del tramo, que se convertir\u00e1 en una v\u00eda estrat\u00e9gica para mejorar la movilidad urbana y ofrecer una nueva alternativa de acceso y salida al municipio. Valenciano Garc\u00eda destac\u00f3 que esta vialidad ser\u00e1 clave para desfogar el tr\u00e1fico en zonas como Laderas del Norte, Praderas de Oriente y las ampliaciones de esa \u00e1rea. Subray\u00f3 que esta nueva conexi\u00f3n permitir\u00e1 evitar el paso por la Calzada del Charro y el paso suprimido del ferrocarril, donde los tiempos de espera llegan a ser de hasta tres sem\u00e1foros, beneficiando as\u00ed a miles de automovilistas que circulan diariamente por la zona. El alcalde reconoci\u00f3 el apoyo de la s\u00edndica municipal, los regidores y del diputado local, quienes gestionaron recursos junto con la gobernadora Maru Campos. \u201cCada proyecto que llevamos, peso a peso nos lo empata el gobierno estatal. Gracias a esa colaboraci\u00f3n hoy podemos hablar de una obra que transformar\u00e1 la conectividad de Delicias y cerrar\u00e1 por fin el circuito de la Fernando Baeza\u201d, expres\u00f3. Finalmente, Jes\u00fas Valenciano inform\u00f3 que la obra tendr\u00e1 una duraci\u00f3n estimada de entre seis y ocho meses, tiempo en el cual se trabajar\u00e1 de manera continua para entregar una vialidad moderna, funcional y segura. \u201cPor fin vamos a concluir la Fernando Baeza, una avenida que ser\u00e1 un nuevo acceso principal para nuestra ciudad y una muestra del trabajo en equipo que hacemos por Delicias\u201d, concluy\u00f3.<\/p>\n","protected":false},"author":2,"featured_media":18332,"comment_status":"open","ping_status":"open","sticky":false,"template":"","format":"standard","meta":{"_monsterinsights_skip_tracking":false,"_monsterinsights_sitenote_active":false,"_monsterinsights_sitenote_note":"","_monsterinsights_sitenote_category":0,"advanced_seo_description":"","jetpack_seo_html_title":"","jetpack_seo_noindex":false,"_jetpack_memberships_contains_paid_content":false,"footnotes":"","jetpack_publicize_message":"","jetpack_publicize_feature_enabled":true,"jetpack_social_post_already_shared":true,"jetpack_social_options":{"image_generator_settings":{"template":"highway","enabled":false},"version":2}},"categories":[135,7,11],"tags":[],"class_list":["post-18331","post","type-post","status-publish","format-standard","has-post-thumbnail","hentry","category-lo-mas-leido","category-local","category-principal"],"jetpack_publicize_connections":[],"jetpack_sharing_enabled":true,"jetpack_featured_media_url":"https:\/\/i0.wp.com\/alcierrenoticias.com\/wp-content\/uploads\/2025\/10\/WhatsApp-Image-2025-10-20-at-3.02.38-PM.jpeg?fit=1280%2C854&ssl=1","amp_enabled":true,"_links":{"self":[{"href":"https:\/\/alcierrenoticias.com\/index.php\/wp-json\/wp\/v2\/posts\/18331","targetHints":{"allow":["GET"]}}],"collection":[{"href":"https:\/\/alcierrenoticias.com\/index.php\/wp-json\/wp\/v2\/posts"}],"about":[{"href":"https:\/\/alcierrenoticias.com\/index.php\/wp-json\/wp\/v2\/types\/post"}],"author":[{"embeddable":true,"href":"https:\/\/alcierrenoticias.com\/index.php\/wp-json\/wp\/v2\/users\/2"}],"replies":[{"embeddable":true,"href":"https:\/\/alcierrenoticias.com\/index.php\/wp-json\/wp\/v2\/comments?post=18331"}],"version-history":[{"count":2,"href":"https:\/\/alcierrenoticias.com\/index.php\/wp-json\/wp\/v2\/posts\/18331\/revisions"}],"predecessor-version":[{"id":18334,"href":"https:\/\/alcierrenoticias.com\/index.php\/wp-json\/wp\/v2\/posts\/18331\/revisions\/18334"}],"wp:featuredmedia":[{"embeddable":true,"href":"https:\/\/alcierrenoticias.com\/index.php\/wp-json\/wp\/v2\/media\/18332"}],"wp:attachment":[{"href":"https:\/\/alcierrenoticias.com\/index.php\/wp-json\/wp\/v2\/media?parent=18331"}],"wp:term":[{"taxonomy":"category","embeddable":true,"href":"https:\/\/alcierrenoticias.com\/index.php\/wp-json\/wp\/v2\/categories?post=18331"},{"taxonomy":"post_tag","embeddable":true,"href":"https:\/\/alcierrenoticias.com\/index.php\/wp-json\/wp\/v2\/tags?post=18331"}],"curies":[{"name":"wp","href":"https:\/\/api.w.org\/{rel}","templated":true}]}}