{"id":18317,"date":"2025-10-20T10:33:08","date_gmt":"2025-10-20T16:33:08","guid":{"rendered":"https:\/\/alcierrenoticias.com\/?p=18317"},"modified":"2025-10-20T14:36:18","modified_gmt":"2025-10-20T20:36:18","slug":"presidente-jorge-aldana-llama-a-la-atencion-oportuna-para-detectar-el-cancer-de-mama-y-refrenda-su-apoyo-a-las-mujeres-de-camargo","status":"publish","type":"post","link":"https:\/\/alcierrenoticias.com\/index.php\/2025\/10\/20\/presidente-jorge-aldana-llama-a-la-atencion-oportuna-para-detectar-el-cancer-de-mama-y-refrenda-su-apoyo-a-las-mujeres-de-camargo\/","title":{"rendered":"Presidente Jorge Aldana llama a la atenci\u00f3n oportuna para detectar el c\u00e1ncer de mama y refrenda su apoyo a las mujeres de Camargo."},"content":{"rendered":"<p>En el marco del D\u00eda Internacional de la Lucha contra el C\u00e1ncer de Mama, el presidente municipal Jorge Aldana hizo un llamado a la concientizaci\u00f3n y a la atenci\u00f3n oportuna como herramientas fundamentales para prevenir y combatir esta enfermedad que afecta a miles de mujeres en todo el pa\u00eds.<\/p>\n<p>El alcalde reconoci\u00f3 el trabajo realizado desde el Instituto Camarguense de la Mujer, que a trav\u00e9s de diversas actividades, pl\u00e1ticas y eventos informativos, ha contribuido a generar conciencia sobre la importancia de la detecci\u00f3n temprana y los cuidados preventivos.<\/p>\n<p>\u201cHoy refrendamos nuestro compromiso con todas las mujeres de Camargo. La prevenci\u00f3n y la detecci\u00f3n oportuna salvan vidas, por eso seguiremos impulsando acciones que promuevan la salud y el bienestar de nuestras mujeres\u201d, expres\u00f3 el presidente Jorge Aldana.<\/p>\n<p>El Gobierno Municipal de Camargo, a trav\u00e9s del Instituto Camarguense de la Mujer, continuar\u00e1 promoviendo campa\u00f1as y programas de salud enfocados en la prevenci\u00f3n, reafirmando su compromiso con la vida, la salud y la dignidad de todas las mujeres camarguenses.<\/p>\n","protected":false},"excerpt":{"rendered":"<p>En el marco del D\u00eda Internacional de la Lucha contra el C\u00e1ncer de Mama, el presidente municipal Jorge Aldana hizo un llamado a la concientizaci\u00f3n y a la atenci\u00f3n oportuna como herramientas fundamentales para prevenir y combatir esta enfermedad que afecta a miles de mujeres en todo el pa\u00eds. El alcalde reconoci\u00f3 el trabajo realizado desde el Instituto Camarguense de la Mujer, que a trav\u00e9s de diversas actividades, pl\u00e1ticas y eventos informativos, ha contribuido a generar conciencia sobre la importancia de la detecci\u00f3n temprana y los cuidados preventivos. \u201cHoy refrendamos nuestro compromiso con todas las mujeres de Camargo. La prevenci\u00f3n y la detecci\u00f3n oportuna salvan vidas, por eso seguiremos impulsando acciones que promuevan la salud y el bienestar de nuestras mujeres\u201d, expres\u00f3 el presidente Jorge Aldana. El Gobierno Municipal de Camargo, a trav\u00e9s del Instituto Camarguense de la Mujer, continuar\u00e1 promoviendo campa\u00f1as y programas de salud enfocados en la prevenci\u00f3n, reafirmando su compromiso con la vida, la salud y la dignidad de todas las mujeres camarguenses.<\/p>\n","protected":false},"author":2,"featured_media":18318,"comment_status":"open","ping_status":"open","sticky":false,"template":"","format":"standard","meta":{"_monsterinsights_skip_tracking":false,"_monsterinsights_sitenote_active":false,"_monsterinsights_sitenote_note":"","_monsterinsights_sitenote_category":0,"advanced_seo_description":"","jetpack_seo_html_title":"","jetpack_seo_noindex":false,"_jetpack_memberships_contains_paid_content":false,"footnotes":"","jetpack_publicize_message":"","jetpack_publicize_feature_enabled":true,"jetpack_social_post_already_shared":true,"jetpack_social_options":{"image_generator_settings":{"template":"highway","enabled":false},"version":2}},"categories":[8,135,11],"tags":[],"class_list":["post-18317","post","type-post","status-publish","format-standard","has-post-thumbnail","hentry","category-estado","category-lo-mas-leido","category-principal"],"jetpack_publicize_connections":[],"jetpack_sharing_enabled":true,"jetpack_featured_media_url":"https:\/\/i0.wp.com\/alcierrenoticias.com\/wp-content\/uploads\/2025\/10\/WhatsApp-Image-2025-10-20-at-10.31.01-AM.jpeg?fit=1600%2C1066&ssl=1","amp_enabled":true,"_links":{"self":[{"href":"https:\/\/alcierrenoticias.com\/index.php\/wp-json\/wp\/v2\/posts\/18317","targetHints":{"allow":["GET"]}}],"collection":[{"href":"https:\/\/alcierrenoticias.com\/index.php\/wp-json\/wp\/v2\/posts"}],"about":[{"href":"https:\/\/alcierrenoticias.com\/index.php\/wp-json\/wp\/v2\/types\/post"}],"author":[{"embeddable":true,"href":"https:\/\/alcierrenoticias.com\/index.php\/wp-json\/wp\/v2\/users\/2"}],"replies":[{"embeddable":true,"href":"https:\/\/alcierrenoticias.com\/index.php\/wp-json\/wp\/v2\/comments?post=18317"}],"version-history":[{"count":2,"href":"https:\/\/alcierrenoticias.com\/index.php\/wp-json\/wp\/v2\/posts\/18317\/revisions"}],"predecessor-version":[{"id":18320,"href":"https:\/\/alcierrenoticias.com\/index.php\/wp-json\/wp\/v2\/posts\/18317\/revisions\/18320"}],"wp:featuredmedia":[{"embeddable":true,"href":"https:\/\/alcierrenoticias.com\/index.php\/wp-json\/wp\/v2\/media\/18318"}],"wp:attachment":[{"href":"https:\/\/alcierrenoticias.com\/index.php\/wp-json\/wp\/v2\/media?parent=18317"}],"wp:term":[{"taxonomy":"category","embeddable":true,"href":"https:\/\/alcierrenoticias.com\/index.php\/wp-json\/wp\/v2\/categories?post=18317"},{"taxonomy":"post_tag","embeddable":true,"href":"https:\/\/alcierrenoticias.com\/index.php\/wp-json\/wp\/v2\/tags?post=18317"}],"curies":[{"name":"wp","href":"https:\/\/api.w.org\/{rel}","templated":true}]}}