{"id":18309,"date":"2025-10-19T14:44:51","date_gmt":"2025-10-19T20:44:51","guid":{"rendered":"https:\/\/alcierrenoticias.com\/?p=18309"},"modified":"2025-10-20T14:28:34","modified_gmt":"2025-10-20T20:28:34","slug":"realizan-en-meoqui-la-4a-carrera-rosa-para-fomentar-la-deteccion-temprana-del-cancer-de-mama","status":"publish","type":"post","link":"https:\/\/alcierrenoticias.com\/index.php\/2025\/10\/19\/realizan-en-meoqui-la-4a-carrera-rosa-para-fomentar-la-deteccion-temprana-del-cancer-de-mama\/","title":{"rendered":"Realizan en Meoqui la 4\u00aa Carrera Rosa para fomentar la detecci\u00f3n temprana del C\u00e1ncer de Mama."},"content":{"rendered":"<p>Participan mujeres, estudiantes y asociaciones en una jornada de conciencia y unidad<\/p>\n<p>En el marco del Mes Rosa, el Gobierno Municipal de Meoqui, a trav\u00e9s de la Instancia Municipal de Atenci\u00f3n a la Mujer Meoquense, llev\u00f3 a cabo la cuarta edici\u00f3n de la Carrera Rosa, con el objetivo de fomentar la detecci\u00f3n temprana del c\u00e1ncer de mama y promover el autocuidado entre las mujeres del municipio.<\/p>\n<p>La directora de la Instancia, Mar\u00eda del Refugio Silva Uranga, destac\u00f3 que este tipo de actividades buscan sensibilizar a la poblaci\u00f3n sobre la importancia de realizarse los estudios y revisiones m\u00e9dicas de manera peri\u00f3dica, adem\u00e1s de mantener un estilo de vida saludable.<\/p>\n<p>\u201cDurante el mes de octubre buscamos crear conciencia sobre la detecci\u00f3n temprana del c\u00e1ncer en la mujer. Esta carrera la realizamos por cuarto a\u00f1o consecutivo gracias al impulso y apoyo de nuestra alcaldesa, la arquitecta Miriam Soto Ornelas, quien siempre nos motiva a atender y acompa\u00f1ar a todas las mujeres de Meoqui\u201d, expres\u00f3.<\/p>\n<p>La carrera inici\u00f3 a las afueras del parquecito del DIF Municipal, donde se dieron cita familias, estudiantes y asociaciones como Luchando por Vivir y Servir, as\u00ed como alumnas y alumnos de la Secundaria T\u00e9cnica 39, sumando hasta el momento cerca de 80 personas inscritas.<\/p>\n<p>El evento culmin\u00f3 con un ambiente de alegr\u00eda y convivencia en la Plaza Principal, donde se realiz\u00f3 un n\u00famero musical y se reconoci\u00f3 la participaci\u00f3n de las y los asistentes que se sumaron a esta jornada de conciencia, esperanza y solidaridad.<\/p>\n","protected":false},"excerpt":{"rendered":"<p>Participan mujeres, estudiantes y asociaciones en una jornada de conciencia y unidad En el marco del Mes Rosa, el Gobierno Municipal de Meoqui, a trav\u00e9s de la Instancia Municipal de Atenci\u00f3n a la Mujer Meoquense, llev\u00f3 a cabo la cuarta edici\u00f3n de la Carrera Rosa, con el objetivo de fomentar la detecci\u00f3n temprana del c\u00e1ncer de mama y promover el autocuidado entre las mujeres del municipio. La directora de la Instancia, Mar\u00eda del Refugio Silva Uranga, destac\u00f3 que este tipo de actividades buscan sensibilizar a la poblaci\u00f3n sobre la importancia de realizarse los estudios y revisiones m\u00e9dicas de manera peri\u00f3dica, adem\u00e1s de mantener un estilo de vida saludable. \u201cDurante el mes de octubre buscamos crear conciencia sobre la detecci\u00f3n temprana del c\u00e1ncer en la mujer. Esta carrera la realizamos por cuarto a\u00f1o consecutivo gracias al impulso y apoyo de nuestra alcaldesa, la arquitecta Miriam Soto Ornelas, quien siempre nos motiva a atender y acompa\u00f1ar a todas las mujeres de Meoqui\u201d, expres\u00f3. La carrera inici\u00f3 a las afueras del parquecito del DIF Municipal, donde se dieron cita familias, estudiantes y asociaciones como Luchando por Vivir y Servir, as\u00ed como alumnas y alumnos de la Secundaria T\u00e9cnica 39, sumando hasta el momento cerca de 80 personas inscritas. El evento culmin\u00f3 con un ambiente de alegr\u00eda y convivencia en la Plaza Principal, donde se realiz\u00f3 un n\u00famero musical y se reconoci\u00f3 la participaci\u00f3n de las y los asistentes que se sumaron a esta jornada de conciencia, esperanza y solidaridad.<\/p>\n","protected":false},"author":2,"featured_media":18310,"comment_status":"open","ping_status":"open","sticky":false,"template":"","format":"standard","meta":{"_monsterinsights_skip_tracking":false,"_monsterinsights_sitenote_active":false,"_monsterinsights_sitenote_note":"","_monsterinsights_sitenote_category":0,"advanced_seo_description":"","jetpack_seo_html_title":"","jetpack_seo_noindex":false,"_jetpack_memberships_contains_paid_content":false,"footnotes":"","jetpack_publicize_message":"","jetpack_publicize_feature_enabled":true,"jetpack_social_post_already_shared":true,"jetpack_social_options":{"image_generator_settings":{"template":"highway","enabled":false},"version":2}},"categories":[135,7,11],"tags":[],"class_list":["post-18309","post","type-post","status-publish","format-standard","has-post-thumbnail","hentry","category-lo-mas-leido","category-local","category-principal"],"jetpack_publicize_connections":[],"jetpack_sharing_enabled":true,"jetpack_featured_media_url":"https:\/\/i0.wp.com\/alcierrenoticias.com\/wp-content\/uploads\/2025\/10\/WhatsApp-Image-2025-10-19-at-2.33.10-PM.jpeg?fit=1280%2C853&ssl=1","amp_enabled":true,"_links":{"self":[{"href":"https:\/\/alcierrenoticias.com\/index.php\/wp-json\/wp\/v2\/posts\/18309","targetHints":{"allow":["GET"]}}],"collection":[{"href":"https:\/\/alcierrenoticias.com\/index.php\/wp-json\/wp\/v2\/posts"}],"about":[{"href":"https:\/\/alcierrenoticias.com\/index.php\/wp-json\/wp\/v2\/types\/post"}],"author":[{"embeddable":true,"href":"https:\/\/alcierrenoticias.com\/index.php\/wp-json\/wp\/v2\/users\/2"}],"replies":[{"embeddable":true,"href":"https:\/\/alcierrenoticias.com\/index.php\/wp-json\/wp\/v2\/comments?post=18309"}],"version-history":[{"count":2,"href":"https:\/\/alcierrenoticias.com\/index.php\/wp-json\/wp\/v2\/posts\/18309\/revisions"}],"predecessor-version":[{"id":18312,"href":"https:\/\/alcierrenoticias.com\/index.php\/wp-json\/wp\/v2\/posts\/18309\/revisions\/18312"}],"wp:featuredmedia":[{"embeddable":true,"href":"https:\/\/alcierrenoticias.com\/index.php\/wp-json\/wp\/v2\/media\/18310"}],"wp:attachment":[{"href":"https:\/\/alcierrenoticias.com\/index.php\/wp-json\/wp\/v2\/media?parent=18309"}],"wp:term":[{"taxonomy":"category","embeddable":true,"href":"https:\/\/alcierrenoticias.com\/index.php\/wp-json\/wp\/v2\/categories?post=18309"},{"taxonomy":"post_tag","embeddable":true,"href":"https:\/\/alcierrenoticias.com\/index.php\/wp-json\/wp\/v2\/tags?post=18309"}],"curies":[{"name":"wp","href":"https:\/\/api.w.org\/{rel}","templated":true}]}}