{"id":18296,"date":"2025-10-18T19:17:52","date_gmt":"2025-10-19T01:17:52","guid":{"rendered":"https:\/\/alcierrenoticias.com\/?p=18296"},"modified":"2025-10-20T14:07:00","modified_gmt":"2025-10-20T20:07:00","slug":"llega-rondalla-voces-del-campo-al-programa-por-amor-al-arte-en-meoqui","status":"publish","type":"post","link":"https:\/\/alcierrenoticias.com\/index.php\/2025\/10\/18\/llega-rondalla-voces-del-campo-al-programa-por-amor-al-arte-en-meoqui\/","title":{"rendered":"Llega Rondalla Voces del Campo al Programa \u201cPor Amor al Arte\u201d en Meoqui."},"content":{"rendered":"<p>Los alumnos del CBTa 147 deleitaron a las familias con canciones como \u201cCuando apenas era un jovencito\u201d, \u201cAmor eterno\u201d y \u201cCristo Viejo\u201d<\/p>\n<p>Con gran entusiasmo se llev\u00f3 a cabo una nueva edici\u00f3n del programa \u201cPor Amor al Arte\u201d, donde en esta ocasi\u00f3n se present\u00f3 la Rondalla Voces del Campo del CBTa 147 de Meoqui, quienes ofrecieron un emotivo concierto en la explanada de Presidencia Municipal, deleitando al p\u00fablico con un variado repertorio musical, con canciones cl\u00e1sicas como \u201cCuando apenas era un jovencito\u201d, \u201cAmor eterno\u201d y \u201cCristo Viejo\u201d.<\/p>\n<p>La directora de Desarrollo Social, Zenyith P\u00e9rez, comparti\u00f3 que este programa ha sido impulsado por la alcaldesa Miriam Soto con el objetivo de dar a conocer y promover el talento art\u00edstico local, brindando espacios para que j\u00f3venes y artistas de la regi\u00f3n puedan mostrar su trabajo ante la comunidad.<\/p>\n<p>Asimismo, Zenyith P\u00e9rez destac\u00f3 que este programa se encuentra abierto para todos aquellos que deseen formar parte de este programa y deseen dar a conocer cualquier tipo de arte, por lo que extendi\u00f3 la invitaci\u00f3n a todos aquellos artistas a acercarse a las oficinas de Desarrollo Social.<\/p>\n","protected":false},"excerpt":{"rendered":"<p>Los alumnos del CBTa 147 deleitaron a las familias con canciones como \u201cCuando apenas era un jovencito\u201d, \u201cAmor eterno\u201d y \u201cCristo Viejo\u201d Con gran entusiasmo se llev\u00f3 a cabo una nueva edici\u00f3n del programa \u201cPor Amor al Arte\u201d, donde en esta ocasi\u00f3n se present\u00f3 la Rondalla Voces del Campo del CBTa 147 de Meoqui, quienes ofrecieron un emotivo concierto en la explanada de Presidencia Municipal, deleitando al p\u00fablico con un variado repertorio musical, con canciones cl\u00e1sicas como \u201cCuando apenas era un jovencito\u201d, \u201cAmor eterno\u201d y \u201cCristo Viejo\u201d. La directora de Desarrollo Social, Zenyith P\u00e9rez, comparti\u00f3 que este programa ha sido impulsado por la alcaldesa Miriam Soto con el objetivo de dar a conocer y promover el talento art\u00edstico local, brindando espacios para que j\u00f3venes y artistas de la regi\u00f3n puedan mostrar su trabajo ante la comunidad. Asimismo, Zenyith P\u00e9rez destac\u00f3 que este programa se encuentra abierto para todos aquellos que deseen formar parte de este programa y deseen dar a conocer cualquier tipo de arte, por lo que extendi\u00f3 la invitaci\u00f3n a todos aquellos artistas a acercarse a las oficinas de Desarrollo Social.<\/p>\n","protected":false},"author":2,"featured_media":18297,"comment_status":"open","ping_status":"open","sticky":false,"template":"","format":"standard","meta":{"_monsterinsights_skip_tracking":false,"_monsterinsights_sitenote_active":false,"_monsterinsights_sitenote_note":"","_monsterinsights_sitenote_category":0,"advanced_seo_description":"","jetpack_seo_html_title":"","jetpack_seo_noindex":false,"_jetpack_memberships_contains_paid_content":false,"footnotes":"","jetpack_publicize_message":"","jetpack_publicize_feature_enabled":true,"jetpack_social_post_already_shared":true,"jetpack_social_options":{"image_generator_settings":{"template":"highway","enabled":false},"version":2}},"categories":[135,7,11],"tags":[],"class_list":["post-18296","post","type-post","status-publish","format-standard","has-post-thumbnail","hentry","category-lo-mas-leido","category-local","category-principal"],"jetpack_publicize_connections":[],"jetpack_sharing_enabled":true,"jetpack_featured_media_url":"https:\/\/i0.wp.com\/alcierrenoticias.com\/wp-content\/uploads\/2025\/10\/WhatsApp-Image-2025-10-18-at-7.10.31-PM.jpeg?fit=1280%2C853&ssl=1","amp_enabled":true,"_links":{"self":[{"href":"https:\/\/alcierrenoticias.com\/index.php\/wp-json\/wp\/v2\/posts\/18296","targetHints":{"allow":["GET"]}}],"collection":[{"href":"https:\/\/alcierrenoticias.com\/index.php\/wp-json\/wp\/v2\/posts"}],"about":[{"href":"https:\/\/alcierrenoticias.com\/index.php\/wp-json\/wp\/v2\/types\/post"}],"author":[{"embeddable":true,"href":"https:\/\/alcierrenoticias.com\/index.php\/wp-json\/wp\/v2\/users\/2"}],"replies":[{"embeddable":true,"href":"https:\/\/alcierrenoticias.com\/index.php\/wp-json\/wp\/v2\/comments?post=18296"}],"version-history":[{"count":2,"href":"https:\/\/alcierrenoticias.com\/index.php\/wp-json\/wp\/v2\/posts\/18296\/revisions"}],"predecessor-version":[{"id":18299,"href":"https:\/\/alcierrenoticias.com\/index.php\/wp-json\/wp\/v2\/posts\/18296\/revisions\/18299"}],"wp:featuredmedia":[{"embeddable":true,"href":"https:\/\/alcierrenoticias.com\/index.php\/wp-json\/wp\/v2\/media\/18297"}],"wp:attachment":[{"href":"https:\/\/alcierrenoticias.com\/index.php\/wp-json\/wp\/v2\/media?parent=18296"}],"wp:term":[{"taxonomy":"category","embeddable":true,"href":"https:\/\/alcierrenoticias.com\/index.php\/wp-json\/wp\/v2\/categories?post=18296"},{"taxonomy":"post_tag","embeddable":true,"href":"https:\/\/alcierrenoticias.com\/index.php\/wp-json\/wp\/v2\/tags?post=18296"}],"curies":[{"name":"wp","href":"https:\/\/api.w.org\/{rel}","templated":true}]}}