{"id":18288,"date":"2025-10-18T15:52:45","date_gmt":"2025-10-18T21:52:45","guid":{"rendered":"https:\/\/alcierrenoticias.com\/?p=18288"},"modified":"2025-10-20T14:01:47","modified_gmt":"2025-10-20T20:01:47","slug":"encabeza-alma-limas-el-zumbaton-rosa-2025-en-apoyo-a-la-lucha-contra-el-cancer-de-mama","status":"publish","type":"post","link":"https:\/\/alcierrenoticias.com\/index.php\/2025\/10\/18\/encabeza-alma-limas-el-zumbaton-rosa-2025-en-apoyo-a-la-lucha-contra-el-cancer-de-mama\/","title":{"rendered":"Encabeza Alma Limas el Zumbat\u00f3n Rosa 2025 en apoyo a la lucha contra el c\u00e1ncer de mama."},"content":{"rendered":"<p>La presidenta del DIF Municipal, Alma Limas de Valenciano, encabez\u00f3 el Zumbat\u00f3n Rosa 2025, evento organizado por la Asociaci\u00f3n \u201cLuchando por Vivir y Servir\u201d, en el marco del D\u00eda Internacional de la Lucha contra el C\u00e1ncer de Mama. La actividad se realiz\u00f3 en la Plaza del Santuario, donde se vivi\u00f3 un ambiente lleno de energ\u00eda, color y esperanza.<\/p>\n<p>Durante la jornada, decenas de participantes se sumaron a una tarde de baile, m\u00fasica y solidaridad, mostrando su apoyo a las mujeres que enfrentan esta enfermedad. El Zumbat\u00f3n tuvo como objetivo promover la concientizaci\u00f3n y prevenci\u00f3n del c\u00e1ncer de mama, as\u00ed como resaltar la importancia de la detecci\u00f3n temprana como la mejor herramienta para salvar vidas.<\/p>\n<p>Uno de los momentos m\u00e1s significativos fue la formaci\u00f3n de un gran mo\u00f1o rosa sobre la explanada de la plaza, s\u00edmbolo universal de la lucha contra el c\u00e1ncer de mama. Este gesto colectivo reflej\u00f3 la uni\u00f3n y compromiso de la comunidad con esta noble causa.<\/p>\n<p>El evento cont\u00f3 con la participaci\u00f3n de la presidenta de la Asociaci\u00f3n Civil, Paty Bonilla, as\u00ed como de la s\u00edndica municipal, Gabriela Franco y la coordinadora de Salud Francisca Mercado, quienes reconocieron el esfuerzo conjunto entre sociedad y gobierno para impulsar acciones que promuevan la salud y la prevenci\u00f3n.<\/p>\n<p>Alma Limas agradeci\u00f3 la invitaci\u00f3n y destac\u00f3 la importancia de continuar fomentando la conciencia sobre el autocuidado. \u201cCada actividad como esta nos recuerda que la detecci\u00f3n a tiempo puede marcar la diferencia. Juntas y juntos podemos seguir salvando vidas\u201d, expres\u00f3 la presidenta del DIF Municipal.<\/p>\n","protected":false},"excerpt":{"rendered":"<p>La presidenta del DIF Municipal, Alma Limas de Valenciano, encabez\u00f3 el Zumbat\u00f3n Rosa 2025, evento organizado por la Asociaci\u00f3n \u201cLuchando por Vivir y Servir\u201d, en el marco del D\u00eda Internacional de la Lucha contra el C\u00e1ncer de Mama. La actividad se realiz\u00f3 en la Plaza del Santuario, donde se vivi\u00f3 un ambiente lleno de energ\u00eda, color y esperanza. Durante la jornada, decenas de participantes se sumaron a una tarde de baile, m\u00fasica y solidaridad, mostrando su apoyo a las mujeres que enfrentan esta enfermedad. El Zumbat\u00f3n tuvo como objetivo promover la concientizaci\u00f3n y prevenci\u00f3n del c\u00e1ncer de mama, as\u00ed como resaltar la importancia de la detecci\u00f3n temprana como la mejor herramienta para salvar vidas. Uno de los momentos m\u00e1s significativos fue la formaci\u00f3n de un gran mo\u00f1o rosa sobre la explanada de la plaza, s\u00edmbolo universal de la lucha contra el c\u00e1ncer de mama. Este gesto colectivo reflej\u00f3 la uni\u00f3n y compromiso de la comunidad con esta noble causa. El evento cont\u00f3 con la participaci\u00f3n de la presidenta de la Asociaci\u00f3n Civil, Paty Bonilla, as\u00ed como de la s\u00edndica municipal, Gabriela Franco y la coordinadora de Salud Francisca Mercado, quienes reconocieron el esfuerzo conjunto entre sociedad y gobierno para impulsar acciones que promuevan la salud y la prevenci\u00f3n. Alma Limas agradeci\u00f3 la invitaci\u00f3n y destac\u00f3 la importancia de continuar fomentando la conciencia sobre el autocuidado. \u201cCada actividad como esta nos recuerda que la detecci\u00f3n a tiempo puede marcar la diferencia. Juntas y juntos podemos seguir salvando vidas\u201d, expres\u00f3 la presidenta del DIF Municipal.<\/p>\n","protected":false},"author":2,"featured_media":18289,"comment_status":"open","ping_status":"open","sticky":false,"template":"","format":"standard","meta":{"_monsterinsights_skip_tracking":false,"_monsterinsights_sitenote_active":false,"_monsterinsights_sitenote_note":"","_monsterinsights_sitenote_category":0,"advanced_seo_description":"","jetpack_seo_html_title":"","jetpack_seo_noindex":false,"_jetpack_memberships_contains_paid_content":false,"footnotes":"","jetpack_publicize_message":"","jetpack_publicize_feature_enabled":true,"jetpack_social_post_already_shared":true,"jetpack_social_options":{"image_generator_settings":{"template":"highway","enabled":false},"version":2}},"categories":[135,7,11],"tags":[],"class_list":["post-18288","post","type-post","status-publish","format-standard","has-post-thumbnail","hentry","category-lo-mas-leido","category-local","category-principal"],"jetpack_publicize_connections":[],"jetpack_sharing_enabled":true,"jetpack_featured_media_url":"https:\/\/i0.wp.com\/alcierrenoticias.com\/wp-content\/uploads\/2025\/10\/WhatsApp-Image-2025-10-20-at-1.52.14-PM.jpeg?fit=1600%2C1200&ssl=1","amp_enabled":true,"_links":{"self":[{"href":"https:\/\/alcierrenoticias.com\/index.php\/wp-json\/wp\/v2\/posts\/18288","targetHints":{"allow":["GET"]}}],"collection":[{"href":"https:\/\/alcierrenoticias.com\/index.php\/wp-json\/wp\/v2\/posts"}],"about":[{"href":"https:\/\/alcierrenoticias.com\/index.php\/wp-json\/wp\/v2\/types\/post"}],"author":[{"embeddable":true,"href":"https:\/\/alcierrenoticias.com\/index.php\/wp-json\/wp\/v2\/users\/2"}],"replies":[{"embeddable":true,"href":"https:\/\/alcierrenoticias.com\/index.php\/wp-json\/wp\/v2\/comments?post=18288"}],"version-history":[{"count":2,"href":"https:\/\/alcierrenoticias.com\/index.php\/wp-json\/wp\/v2\/posts\/18288\/revisions"}],"predecessor-version":[{"id":18291,"href":"https:\/\/alcierrenoticias.com\/index.php\/wp-json\/wp\/v2\/posts\/18288\/revisions\/18291"}],"wp:featuredmedia":[{"embeddable":true,"href":"https:\/\/alcierrenoticias.com\/index.php\/wp-json\/wp\/v2\/media\/18289"}],"wp:attachment":[{"href":"https:\/\/alcierrenoticias.com\/index.php\/wp-json\/wp\/v2\/media?parent=18288"}],"wp:term":[{"taxonomy":"category","embeddable":true,"href":"https:\/\/alcierrenoticias.com\/index.php\/wp-json\/wp\/v2\/categories?post=18288"},{"taxonomy":"post_tag","embeddable":true,"href":"https:\/\/alcierrenoticias.com\/index.php\/wp-json\/wp\/v2\/tags?post=18288"}],"curies":[{"name":"wp","href":"https:\/\/api.w.org\/{rel}","templated":true}]}}