{"id":18284,"date":"2025-10-18T11:30:09","date_gmt":"2025-10-18T17:30:09","guid":{"rendered":"https:\/\/alcierrenoticias.com\/?p=18284"},"modified":"2025-10-20T13:42:03","modified_gmt":"2025-10-20T19:42:03","slug":"presidente-jorge-aldana-se-reune-con-el-comite-de-agua-de-altavista-buscan-prevenir-desabasto-en-la-comunidad","status":"publish","type":"post","link":"https:\/\/alcierrenoticias.com\/index.php\/2025\/10\/18\/presidente-jorge-aldana-se-reune-con-el-comite-de-agua-de-altavista-buscan-prevenir-desabasto-en-la-comunidad\/","title":{"rendered":"Presidente Jorge Aldana se reune con el Comit\u00e9 de Agua de Altavista; buscan prevenir desabasto en la comunidad."},"content":{"rendered":"<p>El presidente municipal Jorge Aldana, acompa\u00f1ado del director de Desarrollo Rural, sostuvieron una reuni\u00f3n con integrantes del Comit\u00e9 de Agua de la comunidad de Altavista con el objetivo de revisar el funcionamiento del pozo actual y analizar acciones conjuntas que permitan garantizar el abasto de agua potable a las familias del lugar.<\/p>\n<p>Durante el encuentro, se abord\u00f3 la viabilidad de relocalizar el pozo, buscando con ello asegurar el suministro de agua en el futuro y prevenir posibles situaciones de desabasto en la comunidad. \u201cEstamos trabajando en coordinaci\u00f3n para garantizar la viabilidad del agua potable en Altavista. Vamos a seguir en equipo y de manera coordinada con la Junta Municipal y la Junta Central de Agua y Saneamiento para que las familias de esta comunidad tengan certidumbre y bienestar en sus hogares\u201d, expres\u00f3 el alcalde Jorge Aldana.<\/p>\n<p>El Gobierno Municipal de Camargo refrenda su compromiso de trabajar de manera cercana con las comunidades rurales, impulsando soluciones sostenibles que aseguren servicios b\u00e1sicos de calidad para todas y todos los camarguenses.<\/p>\n","protected":false},"excerpt":{"rendered":"<p>El presidente municipal Jorge Aldana, acompa\u00f1ado del director de Desarrollo Rural, sostuvieron una reuni\u00f3n con integrantes del Comit\u00e9 de Agua de la comunidad de Altavista con el objetivo de revisar el funcionamiento del pozo actual y analizar acciones conjuntas que permitan garantizar el abasto de agua potable a las familias del lugar. Durante el encuentro, se abord\u00f3 la viabilidad de relocalizar el pozo, buscando con ello asegurar el suministro de agua en el futuro y prevenir posibles situaciones de desabasto en la comunidad. \u201cEstamos trabajando en coordinaci\u00f3n para garantizar la viabilidad del agua potable en Altavista. Vamos a seguir en equipo y de manera coordinada con la Junta Municipal y la Junta Central de Agua y Saneamiento para que las familias de esta comunidad tengan certidumbre y bienestar en sus hogares\u201d, expres\u00f3 el alcalde Jorge Aldana. El Gobierno Municipal de Camargo refrenda su compromiso de trabajar de manera cercana con las comunidades rurales, impulsando soluciones sostenibles que aseguren servicios b\u00e1sicos de calidad para todas y todos los camarguenses.<\/p>\n","protected":false},"author":2,"featured_media":18285,"comment_status":"open","ping_status":"open","sticky":false,"template":"","format":"standard","meta":{"_monsterinsights_skip_tracking":false,"_monsterinsights_sitenote_active":false,"_monsterinsights_sitenote_note":"","_monsterinsights_sitenote_category":0,"advanced_seo_description":"","jetpack_seo_html_title":"","jetpack_seo_noindex":false,"_jetpack_memberships_contains_paid_content":false,"footnotes":"","jetpack_publicize_message":"","jetpack_publicize_feature_enabled":true,"jetpack_social_post_already_shared":true,"jetpack_social_options":{"image_generator_settings":{"template":"highway","enabled":false},"version":2}},"categories":[8,135,11],"tags":[],"class_list":["post-18284","post","type-post","status-publish","format-standard","has-post-thumbnail","hentry","category-estado","category-lo-mas-leido","category-principal"],"jetpack_publicize_connections":[],"jetpack_sharing_enabled":true,"jetpack_featured_media_url":"https:\/\/i0.wp.com\/alcierrenoticias.com\/wp-content\/uploads\/2025\/10\/WhatsApp-Image-2025-10-18-at-11.18.05-AM.jpeg?fit=1600%2C1066&ssl=1","amp_enabled":true,"_links":{"self":[{"href":"https:\/\/alcierrenoticias.com\/index.php\/wp-json\/wp\/v2\/posts\/18284","targetHints":{"allow":["GET"]}}],"collection":[{"href":"https:\/\/alcierrenoticias.com\/index.php\/wp-json\/wp\/v2\/posts"}],"about":[{"href":"https:\/\/alcierrenoticias.com\/index.php\/wp-json\/wp\/v2\/types\/post"}],"author":[{"embeddable":true,"href":"https:\/\/alcierrenoticias.com\/index.php\/wp-json\/wp\/v2\/users\/2"}],"replies":[{"embeddable":true,"href":"https:\/\/alcierrenoticias.com\/index.php\/wp-json\/wp\/v2\/comments?post=18284"}],"version-history":[{"count":2,"href":"https:\/\/alcierrenoticias.com\/index.php\/wp-json\/wp\/v2\/posts\/18284\/revisions"}],"predecessor-version":[{"id":18287,"href":"https:\/\/alcierrenoticias.com\/index.php\/wp-json\/wp\/v2\/posts\/18284\/revisions\/18287"}],"wp:featuredmedia":[{"embeddable":true,"href":"https:\/\/alcierrenoticias.com\/index.php\/wp-json\/wp\/v2\/media\/18285"}],"wp:attachment":[{"href":"https:\/\/alcierrenoticias.com\/index.php\/wp-json\/wp\/v2\/media?parent=18284"}],"wp:term":[{"taxonomy":"category","embeddable":true,"href":"https:\/\/alcierrenoticias.com\/index.php\/wp-json\/wp\/v2\/categories?post=18284"},{"taxonomy":"post_tag","embeddable":true,"href":"https:\/\/alcierrenoticias.com\/index.php\/wp-json\/wp\/v2\/tags?post=18284"}],"curies":[{"name":"wp","href":"https:\/\/api.w.org\/{rel}","templated":true}]}}