{"id":18280,"date":"2025-10-17T19:12:50","date_gmt":"2025-10-18T01:12:50","guid":{"rendered":"https:\/\/alcierrenoticias.com\/?p=18280"},"modified":"2025-10-17T21:44:16","modified_gmt":"2025-10-18T03:44:16","slug":"para-tener-una-mejor-movilidad-toda-la-calle-jimenez-fue-re-pavimentada-desde-la-2-de-abril-hasta-la-comonfort-jorge-aldana","status":"publish","type":"post","link":"https:\/\/alcierrenoticias.com\/index.php\/2025\/10\/17\/para-tener-una-mejor-movilidad-toda-la-calle-jimenez-fue-re-pavimentada-desde-la-2-de-abril-hasta-la-comonfort-jorge-aldana\/","title":{"rendered":"\u201cPara tener una mejor movilidad, toda la calle Jim\u00e9nez fue re pavimentada, desde la 2 de abril hasta la comonfort\u201d: Jorge Aldana"},"content":{"rendered":"<p>El presidente municipal Jorge Aldana inform\u00f3 la rehabilitaci\u00f3n total de la calle Jim\u00e9nez, en el tramo comprendido desde la calle 2 de Abril hasta la Comonfort, como parte del programa de obras de pavimentaci\u00f3n y mejoramiento vial que impulsa el Gobierno Municipal de Camargo.<\/p>\n<p>La obra contempla una superficie total de 8,606.13 metros cuadrados, con una inversi\u00f3n de $4,254,974.00 pesos, destinada a mejorar la movilidad, la seguridad y la calidad de vida de las familias camarguenses.<\/p>\n<p>\u201cEstamos cumpliendo con hechos. La rehabilitaci\u00f3n de la calle Jim\u00e9nez es una muestra clara de que seguimos dando resultados en materia de pavimentaci\u00f3n. Estas obras no solo embellecen nuestra ciudad, tambi\u00e9n fortalecen la conectividad al centro de la ciudad\u201d, expres\u00f3 el alcalde Jorge Aldana.<\/p>\n<p>El presidente municipal reiter\u00f3 su compromiso de seguir trabajando por una infraestructura vial m\u00e1s digna y funcional, impulsando obras que generen beneficios duraderos y que contribuyan al crecimiento ordenado de Camargo. Con estas acciones, el Gobierno Municipal de Camargo contin\u00faa avanzando con paso firme en su objetivo de mejorar las vialidades y ofrecer resultados tangibles a la ciudadan\u00eda.<\/p>\n","protected":false},"excerpt":{"rendered":"<p>El presidente municipal Jorge Aldana inform\u00f3 la rehabilitaci\u00f3n total de la calle Jim\u00e9nez, en el tramo comprendido desde la calle 2 de Abril hasta la Comonfort, como parte del programa de obras de pavimentaci\u00f3n y mejoramiento vial que impulsa el Gobierno Municipal de Camargo. La obra contempla una superficie total de 8,606.13 metros cuadrados, con una inversi\u00f3n de $4,254,974.00 pesos, destinada a mejorar la movilidad, la seguridad y la calidad de vida de las familias camarguenses. \u201cEstamos cumpliendo con hechos. La rehabilitaci\u00f3n de la calle Jim\u00e9nez es una muestra clara de que seguimos dando resultados en materia de pavimentaci\u00f3n. Estas obras no solo embellecen nuestra ciudad, tambi\u00e9n fortalecen la conectividad al centro de la ciudad\u201d, expres\u00f3 el alcalde Jorge Aldana. El presidente municipal reiter\u00f3 su compromiso de seguir trabajando por una infraestructura vial m\u00e1s digna y funcional, impulsando obras que generen beneficios duraderos y que contribuyan al crecimiento ordenado de Camargo. Con estas acciones, el Gobierno Municipal de Camargo contin\u00faa avanzando con paso firme en su objetivo de mejorar las vialidades y ofrecer resultados tangibles a la ciudadan\u00eda.<\/p>\n","protected":false},"author":2,"featured_media":18281,"comment_status":"open","ping_status":"open","sticky":false,"template":"","format":"standard","meta":{"_monsterinsights_skip_tracking":false,"_monsterinsights_sitenote_active":false,"_monsterinsights_sitenote_note":"","_monsterinsights_sitenote_category":0,"advanced_seo_description":"","jetpack_seo_html_title":"","jetpack_seo_noindex":false,"_jetpack_memberships_contains_paid_content":false,"footnotes":"","jetpack_publicize_message":"","jetpack_publicize_feature_enabled":true,"jetpack_social_post_already_shared":true,"jetpack_social_options":{"image_generator_settings":{"template":"highway","enabled":false},"version":2}},"categories":[8,135,11],"tags":[],"class_list":["post-18280","post","type-post","status-publish","format-standard","has-post-thumbnail","hentry","category-estado","category-lo-mas-leido","category-principal"],"jetpack_publicize_connections":[],"jetpack_sharing_enabled":true,"jetpack_featured_media_url":"https:\/\/i0.wp.com\/alcierrenoticias.com\/wp-content\/uploads\/2025\/10\/WhatsApp-Image-2025-10-17-at-6.48.07-PM.jpeg?fit=1600%2C900&ssl=1","amp_enabled":true,"_links":{"self":[{"href":"https:\/\/alcierrenoticias.com\/index.php\/wp-json\/wp\/v2\/posts\/18280","targetHints":{"allow":["GET"]}}],"collection":[{"href":"https:\/\/alcierrenoticias.com\/index.php\/wp-json\/wp\/v2\/posts"}],"about":[{"href":"https:\/\/alcierrenoticias.com\/index.php\/wp-json\/wp\/v2\/types\/post"}],"author":[{"embeddable":true,"href":"https:\/\/alcierrenoticias.com\/index.php\/wp-json\/wp\/v2\/users\/2"}],"replies":[{"embeddable":true,"href":"https:\/\/alcierrenoticias.com\/index.php\/wp-json\/wp\/v2\/comments?post=18280"}],"version-history":[{"count":2,"href":"https:\/\/alcierrenoticias.com\/index.php\/wp-json\/wp\/v2\/posts\/18280\/revisions"}],"predecessor-version":[{"id":18283,"href":"https:\/\/alcierrenoticias.com\/index.php\/wp-json\/wp\/v2\/posts\/18280\/revisions\/18283"}],"wp:featuredmedia":[{"embeddable":true,"href":"https:\/\/alcierrenoticias.com\/index.php\/wp-json\/wp\/v2\/media\/18281"}],"wp:attachment":[{"href":"https:\/\/alcierrenoticias.com\/index.php\/wp-json\/wp\/v2\/media?parent=18280"}],"wp:term":[{"taxonomy":"category","embeddable":true,"href":"https:\/\/alcierrenoticias.com\/index.php\/wp-json\/wp\/v2\/categories?post=18280"},{"taxonomy":"post_tag","embeddable":true,"href":"https:\/\/alcierrenoticias.com\/index.php\/wp-json\/wp\/v2\/tags?post=18280"}],"curies":[{"name":"wp","href":"https:\/\/api.w.org\/{rel}","templated":true}]}}