{"id":18269,"date":"2025-10-17T16:10:17","date_gmt":"2025-10-17T22:10:17","guid":{"rendered":"https:\/\/alcierrenoticias.com\/?p=18269"},"modified":"2025-10-17T21:34:37","modified_gmt":"2025-10-18T03:34:37","slug":"instala-gobierno-de-meoqui-paradas-de-autobuses-en-san-lucas-y-la-chavez","status":"publish","type":"post","link":"https:\/\/alcierrenoticias.com\/index.php\/2025\/10\/17\/instala-gobierno-de-meoqui-paradas-de-autobuses-en-san-lucas-y-la-chavez\/","title":{"rendered":"Instala Gobierno de Meoqui paradas de autobuses en San Lucas y La Ch\u00e1vez."},"content":{"rendered":"<p>Se instalaron 3 estaciones, con una inversi\u00f3n superior a los 40 mil pesos, atendiendo la petici\u00f3n de las comunidades<\/p>\n<p>Atendiendo las peticiones de los vecinos de las comunidades de San Lucas y La Ch\u00e1vez, y por instrucciones de la alcaldesa Miriam Soto, el Gobierno de Meoqui realiz\u00f3 la instalaci\u00f3n de tres paradas de autobuses, invirtiendo m\u00e1s de 40 mil pesos tanto en la mano de obra como en materiales.<\/p>\n<p>As\u00ed lo dio a conocer el director de Servicios P\u00fablicos Municipales No\u00e9 Legarreta, quien se\u00f1al\u00f3 que estas estructuras fueron colocadas estrat\u00e9gicamente en los puntos m\u00e1s transitados, con el objetivo de brindar mayor seguridad y comodidad a las personas que utilizan el transporte p\u00fablico para trasladarse hacia otras localidades.<\/p>\n<p>\u201cEstas paradas vienen a beneficiar directamente a las familias que se trasladan a diferentes sitios para trabajar, estudiar o realizar sus actividades diarias. Son obras sencillas, pero muy significativas, porque atienden necesidades reales de la poblaci\u00f3n\u201d, mencion\u00f3.<\/p>\n<p>El funcionario record\u00f3 que esta acci\u00f3n responde a las peticiones canalizadas a trav\u00e9s del regidor Edy Talamantes y forma parte de las gestiones permanentes del Gobierno Municipal para mejorar la infraestructura urbana y rural, promoviendo condiciones m\u00e1s dignas para todos los habitantes del municipio.<\/p>\n","protected":false},"excerpt":{"rendered":"<p>Se instalaron 3 estaciones, con una inversi\u00f3n superior a los 40 mil pesos, atendiendo la petici\u00f3n de las comunidades Atendiendo las peticiones de los vecinos de las comunidades de San Lucas y La Ch\u00e1vez, y por instrucciones de la alcaldesa Miriam Soto, el Gobierno de Meoqui realiz\u00f3 la instalaci\u00f3n de tres paradas de autobuses, invirtiendo m\u00e1s de 40 mil pesos tanto en la mano de obra como en materiales. As\u00ed lo dio a conocer el director de Servicios P\u00fablicos Municipales No\u00e9 Legarreta, quien se\u00f1al\u00f3 que estas estructuras fueron colocadas estrat\u00e9gicamente en los puntos m\u00e1s transitados, con el objetivo de brindar mayor seguridad y comodidad a las personas que utilizan el transporte p\u00fablico para trasladarse hacia otras localidades. \u201cEstas paradas vienen a beneficiar directamente a las familias que se trasladan a diferentes sitios para trabajar, estudiar o realizar sus actividades diarias. Son obras sencillas, pero muy significativas, porque atienden necesidades reales de la poblaci\u00f3n\u201d, mencion\u00f3. El funcionario record\u00f3 que esta acci\u00f3n responde a las peticiones canalizadas a trav\u00e9s del regidor Edy Talamantes y forma parte de las gestiones permanentes del Gobierno Municipal para mejorar la infraestructura urbana y rural, promoviendo condiciones m\u00e1s dignas para todos los habitantes del municipio.<\/p>\n","protected":false},"author":2,"featured_media":18270,"comment_status":"open","ping_status":"open","sticky":false,"template":"","format":"standard","meta":{"_monsterinsights_skip_tracking":false,"_monsterinsights_sitenote_active":false,"_monsterinsights_sitenote_note":"","_monsterinsights_sitenote_category":0,"advanced_seo_description":"","jetpack_seo_html_title":"","jetpack_seo_noindex":false,"_jetpack_memberships_contains_paid_content":false,"footnotes":"","jetpack_publicize_message":"","jetpack_publicize_feature_enabled":true,"jetpack_social_post_already_shared":true,"jetpack_social_options":{"image_generator_settings":{"template":"highway","enabled":false},"version":2}},"categories":[135,7,11],"tags":[],"class_list":["post-18269","post","type-post","status-publish","format-standard","has-post-thumbnail","hentry","category-lo-mas-leido","category-local","category-principal"],"jetpack_publicize_connections":[],"jetpack_sharing_enabled":true,"jetpack_featured_media_url":"https:\/\/i0.wp.com\/alcierrenoticias.com\/wp-content\/uploads\/2025\/10\/WhatsApp-Image-2025-10-17-at-4.02.02-PM.jpeg?fit=900%2C711&ssl=1","amp_enabled":true,"_links":{"self":[{"href":"https:\/\/alcierrenoticias.com\/index.php\/wp-json\/wp\/v2\/posts\/18269","targetHints":{"allow":["GET"]}}],"collection":[{"href":"https:\/\/alcierrenoticias.com\/index.php\/wp-json\/wp\/v2\/posts"}],"about":[{"href":"https:\/\/alcierrenoticias.com\/index.php\/wp-json\/wp\/v2\/types\/post"}],"author":[{"embeddable":true,"href":"https:\/\/alcierrenoticias.com\/index.php\/wp-json\/wp\/v2\/users\/2"}],"replies":[{"embeddable":true,"href":"https:\/\/alcierrenoticias.com\/index.php\/wp-json\/wp\/v2\/comments?post=18269"}],"version-history":[{"count":2,"href":"https:\/\/alcierrenoticias.com\/index.php\/wp-json\/wp\/v2\/posts\/18269\/revisions"}],"predecessor-version":[{"id":18272,"href":"https:\/\/alcierrenoticias.com\/index.php\/wp-json\/wp\/v2\/posts\/18269\/revisions\/18272"}],"wp:featuredmedia":[{"embeddable":true,"href":"https:\/\/alcierrenoticias.com\/index.php\/wp-json\/wp\/v2\/media\/18270"}],"wp:attachment":[{"href":"https:\/\/alcierrenoticias.com\/index.php\/wp-json\/wp\/v2\/media?parent=18269"}],"wp:term":[{"taxonomy":"category","embeddable":true,"href":"https:\/\/alcierrenoticias.com\/index.php\/wp-json\/wp\/v2\/categories?post=18269"},{"taxonomy":"post_tag","embeddable":true,"href":"https:\/\/alcierrenoticias.com\/index.php\/wp-json\/wp\/v2\/tags?post=18269"}],"curies":[{"name":"wp","href":"https:\/\/api.w.org\/{rel}","templated":true}]}}