{"id":18254,"date":"2025-10-17T13:43:45","date_gmt":"2025-10-17T19:43:45","guid":{"rendered":"https:\/\/alcierrenoticias.com\/?p=18254"},"modified":"2025-10-17T14:50:45","modified_gmt":"2025-10-17T20:50:45","slug":"bertha-estela-muneton-galindo-joven-meoquense-que-destaco-en-el-parlamento-juvenil-chihuahuense-2025","status":"publish","type":"post","link":"https:\/\/alcierrenoticias.com\/index.php\/2025\/10\/17\/bertha-estela-muneton-galindo-joven-meoquense-que-destaco-en-el-parlamento-juvenil-chihuahuense-2025\/","title":{"rendered":"Bertha Estela Mu\u00f1et\u00f3n Galindo, joven meoquense que destac\u00f3 en el Parlamento Juvenil Chihuahuense 2025."},"content":{"rendered":"<p>La alcaldesa Miriam Soto reconoci\u00f3 la participaci\u00f3n de \u201cEstelita\u201d resaltando que le llena de orgullo ver que j\u00f3venes como ella ponen el nombre de Meoqui en alto<\/p>\n<p>\u201cNos llena de orgullo ver a j\u00f3venes como Estelita poner en alto el nombre de nuestro municipio y demostrar que en Meoqui hay talento, liderazgo y compromiso con las causas que benefician a nuestra sociedad\u201d mencion\u00f3 la alcaldesa de Meoqui, la Arq. Miriam Soto, quien felicit\u00f3 la joven meoquense Bertha Estela Mu\u00f1et\u00f3n Galindo, conocida cari\u00f1osamente como \u201cEstelita\u201d, por su destacada participaci\u00f3n en el Parlamento Juvenil Chihuahuense 2025, realizado los d\u00edas 14 y 15 de octubre en el Congreso del Estado.<\/p>\n<p>Durante este encuentro, Bertha Estela form\u00f3 parte de la Mesa Directiva como Segunda Prosecretaria y present\u00f3 una iniciativa enfocada en pueblos y comunidades originarias, as\u00ed como en temas de educaci\u00f3n, demostrando su compromiso con la inclusi\u00f3n, la diversidad y el desarrollo social.<\/p>\n<p>Adem\u00e1s, integr\u00f3 el equipo ganador del debate, particip\u00f3 en espacios de di\u00e1logo con diputadas y diputados locales, y asisti\u00f3 a charlas formativas como \u201cPol\u00edtica Joven\u201d, impartida por la regidora de Ojinaga, Lic. Cristina Villalobos Rodr\u00edguez, adem\u00e1s de la ponencia con el Director General del Instituto Mexicano de la Juventud, Lic. Abraham Carro Toledo.<\/p>\n<p>\u201cUn momento que guardar\u00e9 con mucho orgullo. Cada paso, cada palabra y cada experiencia en este espacio reafirma mi compromiso con la participaci\u00f3n juvenil y con seguir construyendo un mejor Chihuahua\u201d, expres\u00f3 Estelita tras su participaci\u00f3n, agradeciendo la oportunidad de formar parte de un espacio de liderazgo y di\u00e1logo juvenil, se\u00f1alando que \u201clas juventudes estamos listas para construir un mejor Chihuahua\u201d.<\/p>\n<p>Uno de los principales objetivos de la administraci\u00f3n de la alcaldesa Miriam Soto es impulsar a las juventudes meoquenses, brind\u00e1ndoles herramientas y espacios de participaci\u00f3n, ya que son el presente y el futuro de Meoqui.<\/p>\n","protected":false},"excerpt":{"rendered":"<p>La alcaldesa Miriam Soto reconoci\u00f3 la participaci\u00f3n de \u201cEstelita\u201d resaltando que le llena de orgullo ver que j\u00f3venes como ella ponen el nombre de Meoqui en alto \u201cNos llena de orgullo ver a j\u00f3venes como Estelita poner en alto el nombre de nuestro municipio y demostrar que en Meoqui hay talento, liderazgo y compromiso con las causas que benefician a nuestra sociedad\u201d mencion\u00f3 la alcaldesa de Meoqui, la Arq. Miriam Soto, quien felicit\u00f3 la joven meoquense Bertha Estela Mu\u00f1et\u00f3n Galindo, conocida cari\u00f1osamente como \u201cEstelita\u201d, por su destacada participaci\u00f3n en el Parlamento Juvenil Chihuahuense 2025, realizado los d\u00edas 14 y 15 de octubre en el Congreso del Estado. Durante este encuentro, Bertha Estela form\u00f3 parte de la Mesa Directiva como Segunda Prosecretaria y present\u00f3 una iniciativa enfocada en pueblos y comunidades originarias, as\u00ed como en temas de educaci\u00f3n, demostrando su compromiso con la inclusi\u00f3n, la diversidad y el desarrollo social. Adem\u00e1s, integr\u00f3 el equipo ganador del debate, particip\u00f3 en espacios de di\u00e1logo con diputadas y diputados locales, y asisti\u00f3 a charlas formativas como \u201cPol\u00edtica Joven\u201d, impartida por la regidora de Ojinaga, Lic. Cristina Villalobos Rodr\u00edguez, adem\u00e1s de la ponencia con el Director General del Instituto Mexicano de la Juventud, Lic. Abraham Carro Toledo. \u201cUn momento que guardar\u00e9 con mucho orgullo. Cada paso, cada palabra y cada experiencia en este espacio reafirma mi compromiso con la participaci\u00f3n juvenil y con seguir construyendo un mejor Chihuahua\u201d, expres\u00f3 Estelita tras su participaci\u00f3n, agradeciendo la oportunidad de formar parte de un espacio de liderazgo y di\u00e1logo juvenil, se\u00f1alando que \u201clas juventudes estamos listas para construir un mejor Chihuahua\u201d. Uno de los principales objetivos de la administraci\u00f3n de la alcaldesa Miriam Soto es impulsar a las juventudes meoquenses, brind\u00e1ndoles herramientas y espacios de participaci\u00f3n, ya que son el presente y el futuro de Meoqui.<\/p>\n","protected":false},"author":2,"featured_media":18255,"comment_status":"open","ping_status":"open","sticky":false,"template":"","format":"standard","meta":{"_monsterinsights_skip_tracking":false,"_monsterinsights_sitenote_active":false,"_monsterinsights_sitenote_note":"","_monsterinsights_sitenote_category":0,"advanced_seo_description":"","jetpack_seo_html_title":"","jetpack_seo_noindex":false,"_jetpack_memberships_contains_paid_content":false,"footnotes":"","jetpack_publicize_message":"","jetpack_publicize_feature_enabled":true,"jetpack_social_post_already_shared":true,"jetpack_social_options":{"image_generator_settings":{"template":"highway","enabled":false},"version":2}},"categories":[135,7,11],"tags":[],"class_list":["post-18254","post","type-post","status-publish","format-standard","has-post-thumbnail","hentry","category-lo-mas-leido","category-local","category-principal"],"jetpack_publicize_connections":[],"jetpack_sharing_enabled":true,"jetpack_featured_media_url":"https:\/\/i0.wp.com\/alcierrenoticias.com\/wp-content\/uploads\/2025\/10\/WhatsApp-Image-2025-10-17-at-11.26.23-AM.jpeg?fit=1150%2C863&ssl=1","amp_enabled":true,"_links":{"self":[{"href":"https:\/\/alcierrenoticias.com\/index.php\/wp-json\/wp\/v2\/posts\/18254","targetHints":{"allow":["GET"]}}],"collection":[{"href":"https:\/\/alcierrenoticias.com\/index.php\/wp-json\/wp\/v2\/posts"}],"about":[{"href":"https:\/\/alcierrenoticias.com\/index.php\/wp-json\/wp\/v2\/types\/post"}],"author":[{"embeddable":true,"href":"https:\/\/alcierrenoticias.com\/index.php\/wp-json\/wp\/v2\/users\/2"}],"replies":[{"embeddable":true,"href":"https:\/\/alcierrenoticias.com\/index.php\/wp-json\/wp\/v2\/comments?post=18254"}],"version-history":[{"count":1,"href":"https:\/\/alcierrenoticias.com\/index.php\/wp-json\/wp\/v2\/posts\/18254\/revisions"}],"predecessor-version":[{"id":18256,"href":"https:\/\/alcierrenoticias.com\/index.php\/wp-json\/wp\/v2\/posts\/18254\/revisions\/18256"}],"wp:featuredmedia":[{"embeddable":true,"href":"https:\/\/alcierrenoticias.com\/index.php\/wp-json\/wp\/v2\/media\/18255"}],"wp:attachment":[{"href":"https:\/\/alcierrenoticias.com\/index.php\/wp-json\/wp\/v2\/media?parent=18254"}],"wp:term":[{"taxonomy":"category","embeddable":true,"href":"https:\/\/alcierrenoticias.com\/index.php\/wp-json\/wp\/v2\/categories?post=18254"},{"taxonomy":"post_tag","embeddable":true,"href":"https:\/\/alcierrenoticias.com\/index.php\/wp-json\/wp\/v2\/tags?post=18254"}],"curies":[{"name":"wp","href":"https:\/\/api.w.org\/{rel}","templated":true}]}}