{"id":18225,"date":"2025-10-15T13:49:50","date_gmt":"2025-10-15T19:49:50","guid":{"rendered":"https:\/\/alcierrenoticias.com\/?p=18225"},"modified":"2025-10-15T15:53:19","modified_gmt":"2025-10-15T21:53:19","slug":"tony-melendez-fija-postura-en-la-tribuna-sobre-la-reserva-a-ley-de-amparo","status":"publish","type":"post","link":"https:\/\/alcierrenoticias.com\/index.php\/2025\/10\/15\/tony-melendez-fija-postura-en-la-tribuna-sobre-la-reserva-a-ley-de-amparo\/","title":{"rendered":"Tony Mel\u00e9ndez fija postura en la tribuna sobre la reserva a Ley de Amparo."},"content":{"rendered":"<p>El Diputado Federal Tony Mel\u00e9ndez hizo uso de la tribuna durante la madrugada de este mi\u00e9rcoles, para expresar su posicionamiento respecto a la reserva presentada a la Ley de Amparo, se\u00f1alando la importancia de salvaguardar el Estado de Derecho, la justicia y la certeza jur\u00eddica en todo proceso legislativo.<\/p>\n<p>Durante su intervenci\u00f3n, el legislador chihuahuense destac\u00f3 que la reserva tiene como objetivo proteger los derechos adquiridos de los ciudadanos y evitar que las reformas aprobadas afecten procedimientos judiciales en curso.<\/p>\n<p>\u201cNo podemos aprobar una modificaci\u00f3n que ponga en riesgo la seguridad jur\u00eddica de los mexicanos. Las leyes deben fortalecer la justicia, no debilitarla\u201d, enfatiz\u00f3 Mel\u00e9ndez desde la tribuna.<\/p>\n<p>El Diputado explic\u00f3 que la reserva firmada junto con otros legisladores busca corregir posibles excesos en el dictamen, garantizando que cualquier cambio al sistema de amparo se realice con apego a los principios constitucionales y a los derechos humanos reconocidos por la Carta Magna.<\/p>\n<p>Asimismo, hizo un llamado a la responsabilidad legislativa, recordando que las decisiones del Congreso deben priorizar siempre el inter\u00e9s del pueblo y no responder a intereses partidistas.<\/p>\n<p>\u201cEsta reserva no pretende frenar reformas, sino hacerlas m\u00e1s justas, m\u00e1s claras y m\u00e1s humanas\u201d, afirm\u00f3.<\/p>\n<p>Tony Mel\u00e9ndez reiter\u00f3 su compromiso de seguir trabajando desde la C\u00e1mara de Diputados en favor de un marco legal que brinde certidumbre y confianza a los ciudadanos, actuando siempre con honestidad, responsabilidad y sentido de justicia.<\/p>\n","protected":false},"excerpt":{"rendered":"<p>El Diputado Federal Tony Mel\u00e9ndez hizo uso de la tribuna durante la madrugada de este mi\u00e9rcoles, para expresar su posicionamiento respecto a la reserva presentada a la Ley de Amparo, se\u00f1alando la importancia de salvaguardar el Estado de Derecho, la justicia y la certeza jur\u00eddica en todo proceso legislativo. Durante su intervenci\u00f3n, el legislador chihuahuense destac\u00f3 que la reserva tiene como objetivo proteger los derechos adquiridos de los ciudadanos y evitar que las reformas aprobadas afecten procedimientos judiciales en curso. \u201cNo podemos aprobar una modificaci\u00f3n que ponga en riesgo la seguridad jur\u00eddica de los mexicanos. Las leyes deben fortalecer la justicia, no debilitarla\u201d, enfatiz\u00f3 Mel\u00e9ndez desde la tribuna. El Diputado explic\u00f3 que la reserva firmada junto con otros legisladores busca corregir posibles excesos en el dictamen, garantizando que cualquier cambio al sistema de amparo se realice con apego a los principios constitucionales y a los derechos humanos reconocidos por la Carta Magna. Asimismo, hizo un llamado a la responsabilidad legislativa, recordando que las decisiones del Congreso deben priorizar siempre el inter\u00e9s del pueblo y no responder a intereses partidistas. \u201cEsta reserva no pretende frenar reformas, sino hacerlas m\u00e1s justas, m\u00e1s claras y m\u00e1s humanas\u201d, afirm\u00f3. Tony Mel\u00e9ndez reiter\u00f3 su compromiso de seguir trabajando desde la C\u00e1mara de Diputados en favor de un marco legal que brinde certidumbre y confianza a los ciudadanos, actuando siempre con honestidad, responsabilidad y sentido de justicia.<\/p>\n","protected":false},"author":2,"featured_media":18226,"comment_status":"open","ping_status":"open","sticky":false,"template":"","format":"standard","meta":{"_monsterinsights_skip_tracking":false,"_monsterinsights_sitenote_active":false,"_monsterinsights_sitenote_note":"","_monsterinsights_sitenote_category":0,"advanced_seo_description":"","jetpack_seo_html_title":"","jetpack_seo_noindex":false,"_jetpack_memberships_contains_paid_content":false,"footnotes":"","jetpack_publicize_message":"","jetpack_publicize_feature_enabled":true,"jetpack_social_post_already_shared":true,"jetpack_social_options":{"image_generator_settings":{"template":"highway","enabled":false},"version":2}},"categories":[8,135,11],"tags":[],"class_list":["post-18225","post","type-post","status-publish","format-standard","has-post-thumbnail","hentry","category-estado","category-lo-mas-leido","category-principal"],"jetpack_publicize_connections":[],"jetpack_sharing_enabled":true,"jetpack_featured_media_url":"https:\/\/i0.wp.com\/alcierrenoticias.com\/wp-content\/uploads\/2025\/10\/WhatsApp-Image-2025-10-15-at-1.23.58-PM.jpeg?fit=1280%2C853&ssl=1","amp_enabled":true,"_links":{"self":[{"href":"https:\/\/alcierrenoticias.com\/index.php\/wp-json\/wp\/v2\/posts\/18225","targetHints":{"allow":["GET"]}}],"collection":[{"href":"https:\/\/alcierrenoticias.com\/index.php\/wp-json\/wp\/v2\/posts"}],"about":[{"href":"https:\/\/alcierrenoticias.com\/index.php\/wp-json\/wp\/v2\/types\/post"}],"author":[{"embeddable":true,"href":"https:\/\/alcierrenoticias.com\/index.php\/wp-json\/wp\/v2\/users\/2"}],"replies":[{"embeddable":true,"href":"https:\/\/alcierrenoticias.com\/index.php\/wp-json\/wp\/v2\/comments?post=18225"}],"version-history":[{"count":2,"href":"https:\/\/alcierrenoticias.com\/index.php\/wp-json\/wp\/v2\/posts\/18225\/revisions"}],"predecessor-version":[{"id":18228,"href":"https:\/\/alcierrenoticias.com\/index.php\/wp-json\/wp\/v2\/posts\/18225\/revisions\/18228"}],"wp:featuredmedia":[{"embeddable":true,"href":"https:\/\/alcierrenoticias.com\/index.php\/wp-json\/wp\/v2\/media\/18226"}],"wp:attachment":[{"href":"https:\/\/alcierrenoticias.com\/index.php\/wp-json\/wp\/v2\/media?parent=18225"}],"wp:term":[{"taxonomy":"category","embeddable":true,"href":"https:\/\/alcierrenoticias.com\/index.php\/wp-json\/wp\/v2\/categories?post=18225"},{"taxonomy":"post_tag","embeddable":true,"href":"https:\/\/alcierrenoticias.com\/index.php\/wp-json\/wp\/v2\/tags?post=18225"}],"curies":[{"name":"wp","href":"https:\/\/api.w.org\/{rel}","templated":true}]}}