{"id":18209,"date":"2025-10-14T16:42:50","date_gmt":"2025-10-14T22:42:50","guid":{"rendered":"https:\/\/alcierrenoticias.com\/?p=18209"},"modified":"2025-10-15T15:44:05","modified_gmt":"2025-10-15T21:44:05","slug":"me-regresaron-un-poco-de-la-vida-que-perdi-luis-roberto-mata","status":"publish","type":"post","link":"https:\/\/alcierrenoticias.com\/index.php\/2025\/10\/14\/me-regresaron-un-poco-de-la-vida-que-perdi-luis-roberto-mata\/","title":{"rendered":"\u201cMe regresaron un poco de la vida que perd\u00ed\u201d: Luis Roberto Mata."},"content":{"rendered":"<p>El joven con discapacidad motriz brinda atenci\u00f3n psicol\u00f3gica a pacientes dentro del Centro de Rehabilitaci\u00f3n Integral en Meoqui<\/p>\n<p>Para Luis Roberto Mata, ese antes y despu\u00e9s ocurri\u00f3 hace nueve a\u00f1os, cuando un accidente cambi\u00f3 por completo su movilidad, su trabajo y su rutina diaria. Pas\u00f3 de tener una vida activa a enfrentarse a un largo proceso de adaptaci\u00f3n, f\u00edsico y emocional. Pero hoy, su historia ha dado un giro inesperado y esperanzador: ahora \u00e9l es quien acompa\u00f1a a otras personas que atraviesan un proceso similar, esto en el Centro de Rehabilitaci\u00f3n Integral del DIF Municipal de Meoqui.<\/p>\n<p>\u201cB\u00e1sicamente es un acompa\u00f1amiento psicol\u00f3gico, sobre todo a personas que tienen alguna discapacidad motriz\u201d, explica con voz serena. \u201cYo tambi\u00e9n tengo una, as\u00ed que s\u00e9 lo que se siente. Lo que busco es apoyarlos no s\u00f3lo en su rehabilitaci\u00f3n f\u00edsica, sino tambi\u00e9n emocional y mental\u201d.<\/p>\n<p>En el CRI, llegan principalmente adultos mayores que buscan recuperar movilidad despu\u00e9s de ca\u00eddas o fracturas y j\u00f3venes que enfrentan una discapacidad adquirida o cong\u00e9nita. Luis Roberto los escucha, los acompa\u00f1a y, sobre todo, les ense\u00f1a que pedir ayuda no es debilidad, sino una forma de valent\u00eda.<\/p>\n<p>\u201cLos adultos mayores tienen mucha necesidad de ser escuchados. Cuando alguien los escucha sin juzgar, para ellos es liberador\u201d, comenta. \u201cY con los j\u00f3venes es distinto: uno de ellos no puede hablar, as\u00ed que me he estado preparando para ayudarlo a expresar sus emociones de otras formas. Todos necesitamos ser escuchados, sobre todo cuando atravesamos momentos dif\u00edciles\u201d.<\/p>\n<p>Luis Roberto habla de su trabajo con una gratitud genuina. Despu\u00e9s de su accidente, estuvo casi una d\u00e9cada sin empleo, aislado del entorno que conoc\u00eda. El volver a trabajar en el DIF represent\u00f3 mucho m\u00e1s que un trabajo: fue una forma de reconectarse con la vida.<\/p>\n<p>\u201cHace nueve a\u00f1os que dej\u00e9 de trabajar. Para m\u00ed, estar aqu\u00ed ha sido como recuperar una parte de la vida que perd\u00ed, despu\u00e9s de mi accidente, me la pasaba casi todo el tiempo en mi casa. Llegar al DIF, conocer nuevas personas y tener compa\u00f1eros de trabajo ha sido parte importante de mi rehabilitaci\u00f3n tambi\u00e9n. He recibido brazos abiertos, una mano extendida y mucho compa\u00f1erismo\u201d.<\/p>\n<p>Para Luis Roberto, el valor m\u00e1s grande que ha aprendido en estos a\u00f1os es la aceptaci\u00f3n: la de uno mismo y la de los dem\u00e1s:\u201d He aprendido, y sobre todo aceptado, mi condici\u00f3n. Creo que todos en esta situaci\u00f3n merecemos ser aceptados, primero por nosotros mismos y despu\u00e9s por los dem\u00e1s\u201d, afirma.<\/p>\n<p>Antes de terminar la entrevista, se toma un momento para agradecer: \u201cQuiero agradecer a la alcaldesa Miriam Soto por abrirme las puertas para formar parte del servicio p\u00fablico. Tambi\u00e9n a Luis Valles y Nore Hern\u00e1ndez por darme la oportunidad. Pas\u00e9 de aparecer en un video de TikTok a estar aqu\u00ed, ayudando a personas que lo necesitan. A mis compa\u00f1eros, gracias por recibirme, y espero no ser una carga, sino un apoyo\u201d.<\/p>\n<p>Finalmente, env\u00eda un mensaje a todas aquellas personas con discapacidad las cuales atraviesan por un momento dif\u00edcil: \u201cA las personas que tienen una discapacidad, quiero decirles que no est\u00e1n solas. Aqu\u00ed en el DIF hay alguien que los entiende, que los acompa\u00f1a, y que est\u00e1 dispuesto a apoyarlos. No s\u00f3lo yo, sino todos los que formamos esta gran familia\u201d.<\/p>\n","protected":false},"excerpt":{"rendered":"<p>El joven con discapacidad motriz brinda atenci\u00f3n psicol\u00f3gica a pacientes dentro del Centro de Rehabilitaci\u00f3n Integral en Meoqui Para Luis Roberto Mata, ese antes y despu\u00e9s ocurri\u00f3 hace nueve a\u00f1os, cuando un accidente cambi\u00f3 por completo su movilidad, su trabajo y su rutina diaria. Pas\u00f3 de tener una vida activa a enfrentarse a un largo proceso de adaptaci\u00f3n, f\u00edsico y emocional. Pero hoy, su historia ha dado un giro inesperado y esperanzador: ahora \u00e9l es quien acompa\u00f1a a otras personas que atraviesan un proceso similar, esto en el Centro de Rehabilitaci\u00f3n Integral del DIF Municipal de Meoqui. \u201cB\u00e1sicamente es un acompa\u00f1amiento psicol\u00f3gico, sobre todo a personas que tienen alguna discapacidad motriz\u201d, explica con voz serena. \u201cYo tambi\u00e9n tengo una, as\u00ed que s\u00e9 lo que se siente. Lo que busco es apoyarlos no s\u00f3lo en su rehabilitaci\u00f3n f\u00edsica, sino tambi\u00e9n emocional y mental\u201d. En el CRI, llegan principalmente adultos mayores que buscan recuperar movilidad despu\u00e9s de ca\u00eddas o fracturas y j\u00f3venes que enfrentan una discapacidad adquirida o cong\u00e9nita. Luis Roberto los escucha, los acompa\u00f1a y, sobre todo, les ense\u00f1a que pedir ayuda no es debilidad, sino una forma de valent\u00eda. \u201cLos adultos mayores tienen mucha necesidad de ser escuchados. Cuando alguien los escucha sin juzgar, para ellos es liberador\u201d, comenta. \u201cY con los j\u00f3venes es distinto: uno de ellos no puede hablar, as\u00ed que me he estado preparando para ayudarlo a expresar sus emociones de otras formas. Todos necesitamos ser escuchados, sobre todo cuando atravesamos momentos dif\u00edciles\u201d. Luis Roberto habla de su trabajo con una gratitud genuina. Despu\u00e9s de su accidente, estuvo casi una d\u00e9cada sin empleo, aislado del entorno que conoc\u00eda. El volver a trabajar en el DIF represent\u00f3 mucho m\u00e1s que un trabajo: fue una forma de reconectarse con la vida. \u201cHace nueve a\u00f1os que dej\u00e9 de trabajar. Para m\u00ed, estar aqu\u00ed ha sido como recuperar una parte de la vida que perd\u00ed, despu\u00e9s de mi accidente, me la pasaba casi todo el tiempo en mi casa. Llegar al DIF, conocer nuevas personas y tener compa\u00f1eros de trabajo ha sido parte importante de mi rehabilitaci\u00f3n tambi\u00e9n. He recibido brazos abiertos, una mano extendida y mucho compa\u00f1erismo\u201d. Para Luis Roberto, el valor m\u00e1s grande que ha aprendido en estos a\u00f1os es la aceptaci\u00f3n: la de uno mismo y la de los dem\u00e1s:\u201d He aprendido, y sobre todo aceptado, mi condici\u00f3n. Creo que todos en esta situaci\u00f3n merecemos ser aceptados, primero por nosotros mismos y despu\u00e9s por los dem\u00e1s\u201d, afirma. Antes de terminar la entrevista, se toma un momento para agradecer: \u201cQuiero agradecer a la alcaldesa Miriam Soto por abrirme las puertas para formar parte del servicio p\u00fablico. Tambi\u00e9n a Luis Valles y Nore Hern\u00e1ndez por darme la oportunidad. Pas\u00e9 de aparecer en un video de TikTok a estar aqu\u00ed, ayudando a personas que lo necesitan. A mis compa\u00f1eros, gracias por recibirme, y espero no ser una carga, sino un apoyo\u201d. Finalmente, env\u00eda un mensaje a todas aquellas personas con discapacidad las cuales atraviesan por un momento dif\u00edcil: \u201cA las personas que tienen una discapacidad, quiero decirles que no est\u00e1n solas. Aqu\u00ed en el DIF hay alguien que los entiende, que los acompa\u00f1a, y que est\u00e1 dispuesto a apoyarlos. No s\u00f3lo yo, sino todos los que formamos esta gran familia\u201d.<\/p>\n","protected":false},"author":2,"featured_media":18210,"comment_status":"open","ping_status":"open","sticky":false,"template":"","format":"standard","meta":{"_monsterinsights_skip_tracking":false,"_monsterinsights_sitenote_active":false,"_monsterinsights_sitenote_note":"","_monsterinsights_sitenote_category":0,"advanced_seo_description":"","jetpack_seo_html_title":"","jetpack_seo_noindex":false,"_jetpack_memberships_contains_paid_content":false,"footnotes":"","jetpack_publicize_message":"","jetpack_publicize_feature_enabled":true,"jetpack_social_post_already_shared":true,"jetpack_social_options":{"image_generator_settings":{"template":"highway","enabled":false},"version":2}},"categories":[135,7,11],"tags":[],"class_list":["post-18209","post","type-post","status-publish","format-standard","has-post-thumbnail","hentry","category-lo-mas-leido","category-local","category-principal"],"jetpack_publicize_connections":[],"jetpack_sharing_enabled":true,"jetpack_featured_media_url":"https:\/\/i0.wp.com\/alcierrenoticias.com\/wp-content\/uploads\/2025\/10\/WhatsApp-Image-2025-10-14-at-4.26.13-PM-1.jpeg?fit=1280%2C853&ssl=1","amp_enabled":true,"_links":{"self":[{"href":"https:\/\/alcierrenoticias.com\/index.php\/wp-json\/wp\/v2\/posts\/18209","targetHints":{"allow":["GET"]}}],"collection":[{"href":"https:\/\/alcierrenoticias.com\/index.php\/wp-json\/wp\/v2\/posts"}],"about":[{"href":"https:\/\/alcierrenoticias.com\/index.php\/wp-json\/wp\/v2\/types\/post"}],"author":[{"embeddable":true,"href":"https:\/\/alcierrenoticias.com\/index.php\/wp-json\/wp\/v2\/users\/2"}],"replies":[{"embeddable":true,"href":"https:\/\/alcierrenoticias.com\/index.php\/wp-json\/wp\/v2\/comments?post=18209"}],"version-history":[{"count":2,"href":"https:\/\/alcierrenoticias.com\/index.php\/wp-json\/wp\/v2\/posts\/18209\/revisions"}],"predecessor-version":[{"id":18212,"href":"https:\/\/alcierrenoticias.com\/index.php\/wp-json\/wp\/v2\/posts\/18209\/revisions\/18212"}],"wp:featuredmedia":[{"embeddable":true,"href":"https:\/\/alcierrenoticias.com\/index.php\/wp-json\/wp\/v2\/media\/18210"}],"wp:attachment":[{"href":"https:\/\/alcierrenoticias.com\/index.php\/wp-json\/wp\/v2\/media?parent=18209"}],"wp:term":[{"taxonomy":"category","embeddable":true,"href":"https:\/\/alcierrenoticias.com\/index.php\/wp-json\/wp\/v2\/categories?post=18209"},{"taxonomy":"post_tag","embeddable":true,"href":"https:\/\/alcierrenoticias.com\/index.php\/wp-json\/wp\/v2\/tags?post=18209"}],"curies":[{"name":"wp","href":"https:\/\/api.w.org\/{rel}","templated":true}]}}