{"id":18184,"date":"2025-10-13T16:32:55","date_gmt":"2025-10-13T22:32:55","guid":{"rendered":"https:\/\/alcierrenoticias.com\/?p=18184"},"modified":"2025-10-14T13:48:35","modified_gmt":"2025-10-14T19:48:35","slug":"se-une-meoqui-al-27-radioteleton-de-fundacion-vida","status":"publish","type":"post","link":"https:\/\/alcierrenoticias.com\/index.php\/2025\/10\/13\/se-une-meoqui-al-27-radioteleton-de-fundacion-vida\/","title":{"rendered":"Se une Meoqui al 27 RadioTelet\u00f3n de Fundaci\u00f3n Vida."},"content":{"rendered":"<p>\u201cSiempre ser\u00e1 un gusto colaborar y ser part\u00edcipes de lo m\u00e1s valioso que tenemos, la salud de nuestros ni\u00f1os\u201d: Miriam Soto<\/p>\n<p>La alcaldesa de Meoqui, Arq. Miriam Soto sostuvo una reuni\u00f3n con integrantes de Fundaci\u00f3n Vida Activo 20-30, esto con la finalidad de sumar, como cada a\u00f1o, al municipio de Meoqui ahora a la 27 edici\u00f3n del Radio Telet\u00f3n, donde son atendidos ni\u00f1os meoquenses y de la regi\u00f3n.<\/p>\n<p>\u201cComo Gobierno Municipal somos conscientes del trabajo que se realiza a trav\u00e9s de esta fundaci\u00f3n, muchos de los ni\u00f1os que se atienden son de Meoqui; este a\u00f1o aportamos alrededor de 34 mil pesos. Siempre ser\u00e1 un gusto colaborar y ser part\u00edcipes de lo m\u00e1s valioso que tenemos, que son nuestros ni\u00f1os y ni\u00f1as\u201d, expres\u00f3 la alcaldesa.<\/p>\n<p>Por su parte, Sergio Jaramillo, presidente del Consejo de Fundaci\u00f3n Vida Activo 20-30, agradeci\u00f3 el respaldo del Gobierno de Meoqui y extendi\u00f3 la invitaci\u00f3n a la ciudadan\u00eda para sumarse a esta edici\u00f3n: \u201cEl apoyo de la alcaldesa Miriam Soto siempre ha sido muy importante. Gracias a ello podemos ayudar a familias que enfrentan tratamientos m\u00e9dicos costosos o traslados a otras ciudades. Ya iniciamos los boteos y estaremos compartiendo en redes sociales las formas de donar, as\u00ed como en nuestra p\u00e1gina web fundacionvida.org.mx\u201d, explic\u00f3.<\/p>\n<p>Finalmente, ambos coincidieron en que la colaboraci\u00f3n entre gobierno, sociedad civil y organismos altruistas es fundamental para seguir impulsando acciones en favor de la ni\u00f1ez meoquense.<\/p>\n","protected":false},"excerpt":{"rendered":"<p>\u201cSiempre ser\u00e1 un gusto colaborar y ser part\u00edcipes de lo m\u00e1s valioso que tenemos, la salud de nuestros ni\u00f1os\u201d: Miriam Soto La alcaldesa de Meoqui, Arq. Miriam Soto sostuvo una reuni\u00f3n con integrantes de Fundaci\u00f3n Vida Activo 20-30, esto con la finalidad de sumar, como cada a\u00f1o, al municipio de Meoqui ahora a la 27 edici\u00f3n del Radio Telet\u00f3n, donde son atendidos ni\u00f1os meoquenses y de la regi\u00f3n. \u201cComo Gobierno Municipal somos conscientes del trabajo que se realiza a trav\u00e9s de esta fundaci\u00f3n, muchos de los ni\u00f1os que se atienden son de Meoqui; este a\u00f1o aportamos alrededor de 34 mil pesos. Siempre ser\u00e1 un gusto colaborar y ser part\u00edcipes de lo m\u00e1s valioso que tenemos, que son nuestros ni\u00f1os y ni\u00f1as\u201d, expres\u00f3 la alcaldesa. Por su parte, Sergio Jaramillo, presidente del Consejo de Fundaci\u00f3n Vida Activo 20-30, agradeci\u00f3 el respaldo del Gobierno de Meoqui y extendi\u00f3 la invitaci\u00f3n a la ciudadan\u00eda para sumarse a esta edici\u00f3n: \u201cEl apoyo de la alcaldesa Miriam Soto siempre ha sido muy importante. Gracias a ello podemos ayudar a familias que enfrentan tratamientos m\u00e9dicos costosos o traslados a otras ciudades. Ya iniciamos los boteos y estaremos compartiendo en redes sociales las formas de donar, as\u00ed como en nuestra p\u00e1gina web fundacionvida.org.mx\u201d, explic\u00f3. Finalmente, ambos coincidieron en que la colaboraci\u00f3n entre gobierno, sociedad civil y organismos altruistas es fundamental para seguir impulsando acciones en favor de la ni\u00f1ez meoquense.<\/p>\n","protected":false},"author":2,"featured_media":18185,"comment_status":"open","ping_status":"open","sticky":false,"template":"","format":"standard","meta":{"_monsterinsights_skip_tracking":false,"_monsterinsights_sitenote_active":false,"_monsterinsights_sitenote_note":"","_monsterinsights_sitenote_category":0,"advanced_seo_description":"","jetpack_seo_html_title":"","jetpack_seo_noindex":false,"_jetpack_memberships_contains_paid_content":false,"footnotes":"","jetpack_publicize_message":"","jetpack_publicize_feature_enabled":true,"jetpack_social_post_already_shared":true,"jetpack_social_options":{"image_generator_settings":{"template":"highway","enabled":false},"version":2}},"categories":[135,7,11],"tags":[],"class_list":["post-18184","post","type-post","status-publish","format-standard","has-post-thumbnail","hentry","category-lo-mas-leido","category-local","category-principal"],"jetpack_publicize_connections":[],"jetpack_sharing_enabled":true,"jetpack_featured_media_url":"https:\/\/i0.wp.com\/alcierrenoticias.com\/wp-content\/uploads\/2025\/10\/WhatsApp-Image-2025-10-13-at-4.18.44-PM.jpeg?fit=1280%2C853&ssl=1","amp_enabled":true,"_links":{"self":[{"href":"https:\/\/alcierrenoticias.com\/index.php\/wp-json\/wp\/v2\/posts\/18184","targetHints":{"allow":["GET"]}}],"collection":[{"href":"https:\/\/alcierrenoticias.com\/index.php\/wp-json\/wp\/v2\/posts"}],"about":[{"href":"https:\/\/alcierrenoticias.com\/index.php\/wp-json\/wp\/v2\/types\/post"}],"author":[{"embeddable":true,"href":"https:\/\/alcierrenoticias.com\/index.php\/wp-json\/wp\/v2\/users\/2"}],"replies":[{"embeddable":true,"href":"https:\/\/alcierrenoticias.com\/index.php\/wp-json\/wp\/v2\/comments?post=18184"}],"version-history":[{"count":2,"href":"https:\/\/alcierrenoticias.com\/index.php\/wp-json\/wp\/v2\/posts\/18184\/revisions"}],"predecessor-version":[{"id":18187,"href":"https:\/\/alcierrenoticias.com\/index.php\/wp-json\/wp\/v2\/posts\/18184\/revisions\/18187"}],"wp:featuredmedia":[{"embeddable":true,"href":"https:\/\/alcierrenoticias.com\/index.php\/wp-json\/wp\/v2\/media\/18185"}],"wp:attachment":[{"href":"https:\/\/alcierrenoticias.com\/index.php\/wp-json\/wp\/v2\/media?parent=18184"}],"wp:term":[{"taxonomy":"category","embeddable":true,"href":"https:\/\/alcierrenoticias.com\/index.php\/wp-json\/wp\/v2\/categories?post=18184"},{"taxonomy":"post_tag","embeddable":true,"href":"https:\/\/alcierrenoticias.com\/index.php\/wp-json\/wp\/v2\/tags?post=18184"}],"curies":[{"name":"wp","href":"https:\/\/api.w.org\/{rel}","templated":true}]}}