{"id":18168,"date":"2025-10-13T11:31:28","date_gmt":"2025-10-13T17:31:28","guid":{"rendered":"https:\/\/alcierrenoticias.com\/?p=18168"},"modified":"2025-10-14T13:16:49","modified_gmt":"2025-10-14T19:16:49","slug":"invitan-a-jornada-de-asesoria-gratuita-de-la-defensoria-publica-federal-en-delicias","status":"publish","type":"post","link":"https:\/\/alcierrenoticias.com\/index.php\/2025\/10\/13\/invitan-a-jornada-de-asesoria-gratuita-de-la-defensoria-publica-federal-en-delicias\/","title":{"rendered":"Invitan a jornada de asesor\u00eda gratuita de la Defensor\u00eda P\u00fablica Federal en Delicias."},"content":{"rendered":"<p>El Gobierno Municipal de Delicias, a trav\u00e9s de la Direcci\u00f3n de Desarrollo Humano y Bien Com\u00fan, invita a la ciudadan\u00eda a la jornada de atenci\u00f3n de la Defensor\u00eda P\u00fablica Federal el mi\u00e9rcoles 22 de octubre, de 10:00 a 14:00 horas, en la explanada de la Presidencia Municipal. La atenci\u00f3n ser\u00e1 sin cita previa y por orden de llegada.<\/p>\n<p>El director Enrique Valenzuela L\u00f3pez inform\u00f3 que los abogados de oficio brindar\u00e1n asesor\u00eda y representaci\u00f3n legal gratuita en asuntos de competencia federal, como IMSS, ISSSTE, Infonavit, SAT (Hacienda), CONAGUA y CFE, entre otros. \u201cSi el caso es viable, te acompa\u00f1an durante todo el proceso, sin costo, ni siquiera por copias\u201d, destac\u00f3.<\/p>\n<p>Valenzuela L\u00f3pez record\u00f3 que esta ser\u00e1 la cuarta visita de la Defensor\u00eda a Delicias, con jornadas previas en las que se atendieron entre 50 y 150 personas, seg\u00fan el tiempo disponible. Subray\u00f3 adem\u00e1s que Delicias fue la primera ciudad fuera de la sede estatal a la que acudi\u00f3 la Defensor\u00eda, y que, tras meses de gesti\u00f3n y con la llegada de una nueva delegada, se logr\u00f3 traer de nuevo este servicio.<\/p>\n<p>\u201cEl alcalde Jes\u00fas Valenciano ha sido claro: acercar apoyos reales y sin costo a la gente. Por eso reforzamos esta gesti\u00f3n para que m\u00e1s familias tengan defensa jur\u00eddica especializada cuando el problema involucra a una dependencia federal\u201d, concluy\u00f3 Enrique Valenzuela L\u00f3pez, titular de Desarrollo Humano y Bien Com\u00fan.<\/p>\n","protected":false},"excerpt":{"rendered":"<p>El Gobierno Municipal de Delicias, a trav\u00e9s de la Direcci\u00f3n de Desarrollo Humano y Bien Com\u00fan, invita a la ciudadan\u00eda a la jornada de atenci\u00f3n de la Defensor\u00eda P\u00fablica Federal el mi\u00e9rcoles 22 de octubre, de 10:00 a 14:00 horas, en la explanada de la Presidencia Municipal. La atenci\u00f3n ser\u00e1 sin cita previa y por orden de llegada. El director Enrique Valenzuela L\u00f3pez inform\u00f3 que los abogados de oficio brindar\u00e1n asesor\u00eda y representaci\u00f3n legal gratuita en asuntos de competencia federal, como IMSS, ISSSTE, Infonavit, SAT (Hacienda), CONAGUA y CFE, entre otros. \u201cSi el caso es viable, te acompa\u00f1an durante todo el proceso, sin costo, ni siquiera por copias\u201d, destac\u00f3. Valenzuela L\u00f3pez record\u00f3 que esta ser\u00e1 la cuarta visita de la Defensor\u00eda a Delicias, con jornadas previas en las que se atendieron entre 50 y 150 personas, seg\u00fan el tiempo disponible. Subray\u00f3 adem\u00e1s que Delicias fue la primera ciudad fuera de la sede estatal a la que acudi\u00f3 la Defensor\u00eda, y que, tras meses de gesti\u00f3n y con la llegada de una nueva delegada, se logr\u00f3 traer de nuevo este servicio. \u201cEl alcalde Jes\u00fas Valenciano ha sido claro: acercar apoyos reales y sin costo a la gente. Por eso reforzamos esta gesti\u00f3n para que m\u00e1s familias tengan defensa jur\u00eddica especializada cuando el problema involucra a una dependencia federal\u201d, concluy\u00f3 Enrique Valenzuela L\u00f3pez, titular de Desarrollo Humano y Bien Com\u00fan.<\/p>\n","protected":false},"author":2,"featured_media":18169,"comment_status":"open","ping_status":"open","sticky":false,"template":"","format":"standard","meta":{"_monsterinsights_skip_tracking":false,"_monsterinsights_sitenote_active":false,"_monsterinsights_sitenote_note":"","_monsterinsights_sitenote_category":0,"advanced_seo_description":"","jetpack_seo_html_title":"","jetpack_seo_noindex":false,"_jetpack_memberships_contains_paid_content":false,"footnotes":"","jetpack_publicize_message":"","jetpack_publicize_feature_enabled":true,"jetpack_social_post_already_shared":true,"jetpack_social_options":{"image_generator_settings":{"template":"highway","enabled":false},"version":2}},"categories":[135,7,11],"tags":[],"class_list":["post-18168","post","type-post","status-publish","format-standard","has-post-thumbnail","hentry","category-lo-mas-leido","category-local","category-principal"],"jetpack_publicize_connections":[],"jetpack_sharing_enabled":true,"jetpack_featured_media_url":"https:\/\/i0.wp.com\/alcierrenoticias.com\/wp-content\/uploads\/2025\/10\/WhatsApp-Image-2025-10-13-at-11.19.38-AM.jpeg?fit=960%2C641&ssl=1","amp_enabled":true,"_links":{"self":[{"href":"https:\/\/alcierrenoticias.com\/index.php\/wp-json\/wp\/v2\/posts\/18168","targetHints":{"allow":["GET"]}}],"collection":[{"href":"https:\/\/alcierrenoticias.com\/index.php\/wp-json\/wp\/v2\/posts"}],"about":[{"href":"https:\/\/alcierrenoticias.com\/index.php\/wp-json\/wp\/v2\/types\/post"}],"author":[{"embeddable":true,"href":"https:\/\/alcierrenoticias.com\/index.php\/wp-json\/wp\/v2\/users\/2"}],"replies":[{"embeddable":true,"href":"https:\/\/alcierrenoticias.com\/index.php\/wp-json\/wp\/v2\/comments?post=18168"}],"version-history":[{"count":2,"href":"https:\/\/alcierrenoticias.com\/index.php\/wp-json\/wp\/v2\/posts\/18168\/revisions"}],"predecessor-version":[{"id":18171,"href":"https:\/\/alcierrenoticias.com\/index.php\/wp-json\/wp\/v2\/posts\/18168\/revisions\/18171"}],"wp:featuredmedia":[{"embeddable":true,"href":"https:\/\/alcierrenoticias.com\/index.php\/wp-json\/wp\/v2\/media\/18169"}],"wp:attachment":[{"href":"https:\/\/alcierrenoticias.com\/index.php\/wp-json\/wp\/v2\/media?parent=18168"}],"wp:term":[{"taxonomy":"category","embeddable":true,"href":"https:\/\/alcierrenoticias.com\/index.php\/wp-json\/wp\/v2\/categories?post=18168"},{"taxonomy":"post_tag","embeddable":true,"href":"https:\/\/alcierrenoticias.com\/index.php\/wp-json\/wp\/v2\/tags?post=18168"}],"curies":[{"name":"wp","href":"https:\/\/api.w.org\/{rel}","templated":true}]}}