{"id":18158,"date":"2025-10-12T12:36:29","date_gmt":"2025-10-12T18:36:29","guid":{"rendered":"https:\/\/alcierrenoticias.com\/?p=18158"},"modified":"2025-10-12T12:42:02","modified_gmt":"2025-10-12T18:42:02","slug":"hoy-domingo-de-serenatas-en-meoqui","status":"publish","type":"post","link":"https:\/\/alcierrenoticias.com\/index.php\/2025\/10\/12\/hoy-domingo-de-serenatas-en-meoqui\/","title":{"rendered":"Hoy Domingo de Serenatas en Meoqui."},"content":{"rendered":"<p>Amenizar\u00e1n Armando y su Nueva Imagen a partir de las 6 de la tarde<\/p>\n<p>El Gobierno Municipal que encabeza la alcaldesa Miriam Soto invita a todas las familias a disfrutar de los Domingos de Serenata en la plaza principal, un evento que se ha convertido en una tradici\u00f3n y que cada semana re\u00fane a decenas de familias en un ambiente completamente familiar, dando inicio a partir de las 6:00 de la tarde, se contar\u00e1 con la participaci\u00f3n de Armando y su nueva imagen, quienes pondr\u00e1n el toque musical de la velada.<\/p>\n<p>\u201cQueremos recordarles que este es un evento para todos: hay m\u00fasica para quienes gustan bailar, juegos para los ni\u00f1os, comida y un ambiente agradable para disfrutar en compa\u00f1\u00eda de la familia. Adem\u00e1s, invitamos a consumir con los comerciantes que se encuentran alrededor de la plaza\u201d, coment\u00f3 Zenyith P\u00e9rez, directora de Desarrollo Social.<\/p>\n<p>\u201cCada domingo vemos la plaza llena de familias, lo cual es precisamente la intenci\u00f3n de este tipo de programas: fomentar la convivencia, la recreaci\u00f3n y el rescate de nuestras tradiciones\u201d, a\u00f1adi\u00f3, la funcionaria, invitando a las familias a pasar un rato agradable.<\/p>\n","protected":false},"excerpt":{"rendered":"<p>Amenizar\u00e1n Armando y su Nueva Imagen a partir de las 6 de la tarde El Gobierno Municipal que encabeza la alcaldesa Miriam Soto invita a todas las familias a disfrutar de los Domingos de Serenata en la plaza principal, un evento que se ha convertido en una tradici\u00f3n y que cada semana re\u00fane a decenas de familias en un ambiente completamente familiar, dando inicio a partir de las 6:00 de la tarde, se contar\u00e1 con la participaci\u00f3n de Armando y su nueva imagen, quienes pondr\u00e1n el toque musical de la velada. \u201cQueremos recordarles que este es un evento para todos: hay m\u00fasica para quienes gustan bailar, juegos para los ni\u00f1os, comida y un ambiente agradable para disfrutar en compa\u00f1\u00eda de la familia. Adem\u00e1s, invitamos a consumir con los comerciantes que se encuentran alrededor de la plaza\u201d, coment\u00f3 Zenyith P\u00e9rez, directora de Desarrollo Social. \u201cCada domingo vemos la plaza llena de familias, lo cual es precisamente la intenci\u00f3n de este tipo de programas: fomentar la convivencia, la recreaci\u00f3n y el rescate de nuestras tradiciones\u201d, a\u00f1adi\u00f3, la funcionaria, invitando a las familias a pasar un rato agradable.<\/p>\n","protected":false},"author":2,"featured_media":18164,"comment_status":"open","ping_status":"open","sticky":false,"template":"","format":"standard","meta":{"_monsterinsights_skip_tracking":false,"_monsterinsights_sitenote_active":false,"_monsterinsights_sitenote_note":"","_monsterinsights_sitenote_category":0,"advanced_seo_description":"","jetpack_seo_html_title":"","jetpack_seo_noindex":false,"_jetpack_memberships_contains_paid_content":false,"footnotes":"","jetpack_publicize_message":"","jetpack_publicize_feature_enabled":true,"jetpack_social_post_already_shared":true,"jetpack_social_options":{"image_generator_settings":{"template":"highway","enabled":false},"version":2}},"categories":[135,7,11],"tags":[],"class_list":["post-18158","post","type-post","status-publish","format-standard","has-post-thumbnail","hentry","category-lo-mas-leido","category-local","category-principal"],"jetpack_publicize_connections":[],"jetpack_sharing_enabled":true,"jetpack_featured_media_url":"https:\/\/i0.wp.com\/alcierrenoticias.com\/wp-content\/uploads\/2025\/10\/WhatsApp-Image-2025-10-12-at-12.39.46-PM-e1760294480727.jpeg?fit=600%2C547&ssl=1","amp_enabled":true,"_links":{"self":[{"href":"https:\/\/alcierrenoticias.com\/index.php\/wp-json\/wp\/v2\/posts\/18158","targetHints":{"allow":["GET"]}}],"collection":[{"href":"https:\/\/alcierrenoticias.com\/index.php\/wp-json\/wp\/v2\/posts"}],"about":[{"href":"https:\/\/alcierrenoticias.com\/index.php\/wp-json\/wp\/v2\/types\/post"}],"author":[{"embeddable":true,"href":"https:\/\/alcierrenoticias.com\/index.php\/wp-json\/wp\/v2\/users\/2"}],"replies":[{"embeddable":true,"href":"https:\/\/alcierrenoticias.com\/index.php\/wp-json\/wp\/v2\/comments?post=18158"}],"version-history":[{"count":2,"href":"https:\/\/alcierrenoticias.com\/index.php\/wp-json\/wp\/v2\/posts\/18158\/revisions"}],"predecessor-version":[{"id":18165,"href":"https:\/\/alcierrenoticias.com\/index.php\/wp-json\/wp\/v2\/posts\/18158\/revisions\/18165"}],"wp:featuredmedia":[{"embeddable":true,"href":"https:\/\/alcierrenoticias.com\/index.php\/wp-json\/wp\/v2\/media\/18164"}],"wp:attachment":[{"href":"https:\/\/alcierrenoticias.com\/index.php\/wp-json\/wp\/v2\/media?parent=18158"}],"wp:term":[{"taxonomy":"category","embeddable":true,"href":"https:\/\/alcierrenoticias.com\/index.php\/wp-json\/wp\/v2\/categories?post=18158"},{"taxonomy":"post_tag","embeddable":true,"href":"https:\/\/alcierrenoticias.com\/index.php\/wp-json\/wp\/v2\/tags?post=18158"}],"curies":[{"name":"wp","href":"https:\/\/api.w.org\/{rel}","templated":true}]}}