{"id":18138,"date":"2025-10-11T15:31:18","date_gmt":"2025-10-11T21:31:18","guid":{"rendered":"https:\/\/alcierrenoticias.com\/?p=18138"},"modified":"2025-10-12T12:16:39","modified_gmt":"2025-10-12T18:16:39","slug":"refuerza-gobierno-de-meoqui-campana-de-reforestacion-con-mas-de-8-mil-arboles","status":"publish","type":"post","link":"https:\/\/alcierrenoticias.com\/index.php\/2025\/10\/11\/refuerza-gobierno-de-meoqui-campana-de-reforestacion-con-mas-de-8-mil-arboles\/","title":{"rendered":"Refuerza Gobierno de Meoqui Campa\u00f1a de Reforestaci\u00f3n con m\u00e1s de 8 mil arboles."},"content":{"rendered":"<p>Gracias a la colaboraci\u00f3n de Fundaci\u00f3n Grupo M\u00e9xico, llegaron al municipio especies como sauces, cedros, \u00e1lamos plateados, truenos y rosa laurel<\/p>\n<p>Gracias a las gestiones realizadas por la alcaldesa Miriam Soto ante Fundaci\u00f3n Grupo M\u00e9xico, el municipio de Meoqui recibi\u00f3 una donaci\u00f3n de 8 mil \u00e1rboles y plantas de ornato como sauces, cedros, \u00e1lamos plateados, truenos y rosa laurel, adem\u00e1s de plantas de ornato que se emplear\u00e1n en parques, plazas y vialidades principales.<\/p>\n<p>No\u00e9 Legarreta, director de Servicios P\u00fablicos Municipales mencion\u00f3 que, aunque la prioridad ser\u00e1 reforestar espacios p\u00fablicos, las y los ciudadanos tambi\u00e9n podr\u00e1n solicitar \u00e1rboles durante los programas de atenci\u00f3n directa: \u201cCuando la ciudadan\u00eda se acerca, sobre todo durante los Mi\u00e9rcoles Ciudadanos, se les pueden entregar arbolitos para sus hogares. Sin embargo, la prioridad es la reforestaci\u00f3n en parques, plazas y vialidades, contribuyendo as\u00ed al cuidado del medio ambiente\u201d, se\u00f1al\u00f3.<\/p>\n<p>Finalmente, el director destac\u00f3 que se busca garantizar la permanencia de los \u00e1rboles plantados, manteniendo una tasa de sobrevivencia del 80%: \u201cEstamos trabajando con mucha responsabilidad para que lo que plantamos pueda mantenerse. Con ello estamos contribuyendo de manera real a mejorar nuestro entorno y fortalecer la cultura ambiental en Meoqui\u201d, concluy\u00f3.<\/p>\n","protected":false},"excerpt":{"rendered":"<p>Gracias a la colaboraci\u00f3n de Fundaci\u00f3n Grupo M\u00e9xico, llegaron al municipio especies como sauces, cedros, \u00e1lamos plateados, truenos y rosa laurel Gracias a las gestiones realizadas por la alcaldesa Miriam Soto ante Fundaci\u00f3n Grupo M\u00e9xico, el municipio de Meoqui recibi\u00f3 una donaci\u00f3n de 8 mil \u00e1rboles y plantas de ornato como sauces, cedros, \u00e1lamos plateados, truenos y rosa laurel, adem\u00e1s de plantas de ornato que se emplear\u00e1n en parques, plazas y vialidades principales. No\u00e9 Legarreta, director de Servicios P\u00fablicos Municipales mencion\u00f3 que, aunque la prioridad ser\u00e1 reforestar espacios p\u00fablicos, las y los ciudadanos tambi\u00e9n podr\u00e1n solicitar \u00e1rboles durante los programas de atenci\u00f3n directa: \u201cCuando la ciudadan\u00eda se acerca, sobre todo durante los Mi\u00e9rcoles Ciudadanos, se les pueden entregar arbolitos para sus hogares. Sin embargo, la prioridad es la reforestaci\u00f3n en parques, plazas y vialidades, contribuyendo as\u00ed al cuidado del medio ambiente\u201d, se\u00f1al\u00f3. Finalmente, el director destac\u00f3 que se busca garantizar la permanencia de los \u00e1rboles plantados, manteniendo una tasa de sobrevivencia del 80%: \u201cEstamos trabajando con mucha responsabilidad para que lo que plantamos pueda mantenerse. Con ello estamos contribuyendo de manera real a mejorar nuestro entorno y fortalecer la cultura ambiental en Meoqui\u201d, concluy\u00f3.<\/p>\n","protected":false},"author":2,"featured_media":18139,"comment_status":"open","ping_status":"open","sticky":false,"template":"","format":"standard","meta":{"_monsterinsights_skip_tracking":false,"_monsterinsights_sitenote_active":false,"_monsterinsights_sitenote_note":"","_monsterinsights_sitenote_category":0,"advanced_seo_description":"","jetpack_seo_html_title":"","jetpack_seo_noindex":false,"_jetpack_memberships_contains_paid_content":false,"footnotes":"","jetpack_publicize_message":"","jetpack_publicize_feature_enabled":true,"jetpack_social_post_already_shared":true,"jetpack_social_options":{"image_generator_settings":{"template":"highway","enabled":false},"version":2}},"categories":[135,7,11],"tags":[],"class_list":["post-18138","post","type-post","status-publish","format-standard","has-post-thumbnail","hentry","category-lo-mas-leido","category-local","category-principal"],"jetpack_publicize_connections":[],"jetpack_sharing_enabled":true,"jetpack_featured_media_url":"https:\/\/i0.wp.com\/alcierrenoticias.com\/wp-content\/uploads\/2025\/10\/WhatsApp-Image-2025-10-11-at-3.17.57-PM.jpeg?fit=1280%2C853&ssl=1","amp_enabled":true,"_links":{"self":[{"href":"https:\/\/alcierrenoticias.com\/index.php\/wp-json\/wp\/v2\/posts\/18138","targetHints":{"allow":["GET"]}}],"collection":[{"href":"https:\/\/alcierrenoticias.com\/index.php\/wp-json\/wp\/v2\/posts"}],"about":[{"href":"https:\/\/alcierrenoticias.com\/index.php\/wp-json\/wp\/v2\/types\/post"}],"author":[{"embeddable":true,"href":"https:\/\/alcierrenoticias.com\/index.php\/wp-json\/wp\/v2\/users\/2"}],"replies":[{"embeddable":true,"href":"https:\/\/alcierrenoticias.com\/index.php\/wp-json\/wp\/v2\/comments?post=18138"}],"version-history":[{"count":2,"href":"https:\/\/alcierrenoticias.com\/index.php\/wp-json\/wp\/v2\/posts\/18138\/revisions"}],"predecessor-version":[{"id":18141,"href":"https:\/\/alcierrenoticias.com\/index.php\/wp-json\/wp\/v2\/posts\/18138\/revisions\/18141"}],"wp:featuredmedia":[{"embeddable":true,"href":"https:\/\/alcierrenoticias.com\/index.php\/wp-json\/wp\/v2\/media\/18139"}],"wp:attachment":[{"href":"https:\/\/alcierrenoticias.com\/index.php\/wp-json\/wp\/v2\/media?parent=18138"}],"wp:term":[{"taxonomy":"category","embeddable":true,"href":"https:\/\/alcierrenoticias.com\/index.php\/wp-json\/wp\/v2\/categories?post=18138"},{"taxonomy":"post_tag","embeddable":true,"href":"https:\/\/alcierrenoticias.com\/index.php\/wp-json\/wp\/v2\/tags?post=18138"}],"curies":[{"name":"wp","href":"https:\/\/api.w.org\/{rel}","templated":true}]}}