{"id":18126,"date":"2025-10-10T11:21:17","date_gmt":"2025-10-10T17:21:17","guid":{"rendered":"https:\/\/alcierrenoticias.com\/?p=18126"},"modified":"2025-10-10T14:23:57","modified_gmt":"2025-10-10T20:23:57","slug":"entrega-jorge-aldana-apoyo-para-mejorar-flujo-de-agua-potable-en-ojo-caliente-y-las-pilas","status":"publish","type":"post","link":"https:\/\/alcierrenoticias.com\/index.php\/2025\/10\/10\/entrega-jorge-aldana-apoyo-para-mejorar-flujo-de-agua-potable-en-ojo-caliente-y-las-pilas\/","title":{"rendered":"Entrega Jorge Aldana apoyo para mejorar flujo de agua potable en Ojo Caliente y Las Pilas."},"content":{"rendered":"<p>En atenci\u00f3n a las necesidades de las familias de las comunidades de Ojo Caliente y Las Pilas, el Gobierno Municipal de Camargo, encabezado por el presidente municipal Jorge Aldana, realiz\u00f3 la entrega de un apoyo econ\u00f3mico por $12,945 pesos, destinado a la reposici\u00f3n de tuber\u00eda de agua potable.<\/p>\n<p>Con esta acci\u00f3n se busca mejorar la infraestructura de los servicios b\u00e1sicos, garantizando instalaciones m\u00e1s seguras y confiables, que contribuyan al bienestar y la calidad de vida de las familias de ambas comunidades.<\/p>\n<p>El presidente municipal resalt\u00f3 la importancia de mantener una colaboraci\u00f3n cercana con las comunidades rurales, atendiendo sus necesidades con soluciones concretas que fortalezcan su desarrollo.<br \/>\n\u201cNos comprometimos con Ojo Caliente y Las Pilas para atender un tema fundamental como lo es el acceso al agua potable. Con este apoyo buscamos que las familias cuenten con un servicio seguro y eficiente\u201d, expres\u00f3 Aldana.<\/p>\n<p>Con este tipo de acciones, el Gobierno municipal de Camargo refrenda su compromiso de seguir sumando esfuerzos para mejorar las condiciones de vida en todo el municipio.<\/p>\n","protected":false},"excerpt":{"rendered":"<p>En atenci\u00f3n a las necesidades de las familias de las comunidades de Ojo Caliente y Las Pilas, el Gobierno Municipal de Camargo, encabezado por el presidente municipal Jorge Aldana, realiz\u00f3 la entrega de un apoyo econ\u00f3mico por $12,945 pesos, destinado a la reposici\u00f3n de tuber\u00eda de agua potable. Con esta acci\u00f3n se busca mejorar la infraestructura de los servicios b\u00e1sicos, garantizando instalaciones m\u00e1s seguras y confiables, que contribuyan al bienestar y la calidad de vida de las familias de ambas comunidades. El presidente municipal resalt\u00f3 la importancia de mantener una colaboraci\u00f3n cercana con las comunidades rurales, atendiendo sus necesidades con soluciones concretas que fortalezcan su desarrollo. \u201cNos comprometimos con Ojo Caliente y Las Pilas para atender un tema fundamental como lo es el acceso al agua potable. Con este apoyo buscamos que las familias cuenten con un servicio seguro y eficiente\u201d, expres\u00f3 Aldana. Con este tipo de acciones, el Gobierno municipal de Camargo refrenda su compromiso de seguir sumando esfuerzos para mejorar las condiciones de vida en todo el municipio.<\/p>\n","protected":false},"author":2,"featured_media":18127,"comment_status":"open","ping_status":"open","sticky":false,"template":"","format":"standard","meta":{"_monsterinsights_skip_tracking":false,"_monsterinsights_sitenote_active":false,"_monsterinsights_sitenote_note":"","_monsterinsights_sitenote_category":0,"advanced_seo_description":"","jetpack_seo_html_title":"","jetpack_seo_noindex":false,"_jetpack_memberships_contains_paid_content":false,"footnotes":"","jetpack_publicize_message":"","jetpack_publicize_feature_enabled":true,"jetpack_social_post_already_shared":true,"jetpack_social_options":{"image_generator_settings":{"template":"highway","enabled":false},"version":2}},"categories":[8,135,11],"tags":[],"class_list":["post-18126","post","type-post","status-publish","format-standard","has-post-thumbnail","hentry","category-estado","category-lo-mas-leido","category-principal"],"jetpack_publicize_connections":[],"jetpack_sharing_enabled":true,"jetpack_featured_media_url":"https:\/\/i0.wp.com\/alcierrenoticias.com\/wp-content\/uploads\/2025\/10\/WhatsApp-Image-2025-10-10-at-10.28.57-AM.jpeg?fit=1600%2C1066&ssl=1","amp_enabled":true,"_links":{"self":[{"href":"https:\/\/alcierrenoticias.com\/index.php\/wp-json\/wp\/v2\/posts\/18126","targetHints":{"allow":["GET"]}}],"collection":[{"href":"https:\/\/alcierrenoticias.com\/index.php\/wp-json\/wp\/v2\/posts"}],"about":[{"href":"https:\/\/alcierrenoticias.com\/index.php\/wp-json\/wp\/v2\/types\/post"}],"author":[{"embeddable":true,"href":"https:\/\/alcierrenoticias.com\/index.php\/wp-json\/wp\/v2\/users\/2"}],"replies":[{"embeddable":true,"href":"https:\/\/alcierrenoticias.com\/index.php\/wp-json\/wp\/v2\/comments?post=18126"}],"version-history":[{"count":2,"href":"https:\/\/alcierrenoticias.com\/index.php\/wp-json\/wp\/v2\/posts\/18126\/revisions"}],"predecessor-version":[{"id":18129,"href":"https:\/\/alcierrenoticias.com\/index.php\/wp-json\/wp\/v2\/posts\/18126\/revisions\/18129"}],"wp:featuredmedia":[{"embeddable":true,"href":"https:\/\/alcierrenoticias.com\/index.php\/wp-json\/wp\/v2\/media\/18127"}],"wp:attachment":[{"href":"https:\/\/alcierrenoticias.com\/index.php\/wp-json\/wp\/v2\/media?parent=18126"}],"wp:term":[{"taxonomy":"category","embeddable":true,"href":"https:\/\/alcierrenoticias.com\/index.php\/wp-json\/wp\/v2\/categories?post=18126"},{"taxonomy":"post_tag","embeddable":true,"href":"https:\/\/alcierrenoticias.com\/index.php\/wp-json\/wp\/v2\/tags?post=18126"}],"curies":[{"name":"wp","href":"https:\/\/api.w.org\/{rel}","templated":true}]}}