{"id":18108,"date":"2025-10-09T14:58:40","date_gmt":"2025-10-09T20:58:40","guid":{"rendered":"https:\/\/alcierrenoticias.com\/?p=18108"},"modified":"2025-10-10T14:04:37","modified_gmt":"2025-10-10T20:04:37","slug":"el-gobierno-municipal-invita-al-foro-detras-de-la-sonrisa-para-promover-la-salud-emocional-entre-jovenes","status":"publish","type":"post","link":"https:\/\/alcierrenoticias.com\/index.php\/2025\/10\/09\/el-gobierno-municipal-invita-al-foro-detras-de-la-sonrisa-para-promover-la-salud-emocional-entre-jovenes\/","title":{"rendered":"El Gobierno Municipal invita al foro \u201cDetr\u00e1s de la Sonrisa\u201d para promover la salud emocional entre j\u00f3venes."},"content":{"rendered":"<p>En el marco del d\u00eda mundial de la salud mental, el Gobierno Municipal de Camargo, a trav\u00e9s de la Subdirecci\u00f3n de Juventud, invita a toda la comunidad estudiantil al foro \u201cDetr\u00e1s de la Sonrisa\u201d, un espacio dise\u00f1ado para sensibilizar a las y los j\u00f3venes sobre la importancia del bienestar emocional y la salud mental.<\/p>\n<p>El evento se llevar\u00e1 a cabo este viernes 10 de octubre a las 10:00 de la ma\u00f1ana en el Auditorio Municipal, con entrada libre para todo p\u00fablico.<\/p>\n<p>El foro tiene como prop\u00f3sito abrir un espacio de di\u00e1logo y reflexi\u00f3n, donde las y los participantes puedan compartir experiencias, inquietudes y estrategias para el cuidado emocional, as\u00ed como conocer los recursos disponibles en la comunidad que brindan acompa\u00f1amiento y apoyo profesional en temas de salud mental.<\/p>\n<p>Con esta iniciativa, el Gobierno Municipal reafirma su compromiso con el desarrollo integral de la juventud camarguense, promoviendo la empat\u00eda, la escucha y la b\u00fasqueda de ayuda profesional como herramientas clave para fortalecer la salud emocional y el bienestar social.<\/p>\n","protected":false},"excerpt":{"rendered":"<p>En el marco del d\u00eda mundial de la salud mental, el Gobierno Municipal de Camargo, a trav\u00e9s de la Subdirecci\u00f3n de Juventud, invita a toda la comunidad estudiantil al foro \u201cDetr\u00e1s de la Sonrisa\u201d, un espacio dise\u00f1ado para sensibilizar a las y los j\u00f3venes sobre la importancia del bienestar emocional y la salud mental. El evento se llevar\u00e1 a cabo este viernes 10 de octubre a las 10:00 de la ma\u00f1ana en el Auditorio Municipal, con entrada libre para todo p\u00fablico. El foro tiene como prop\u00f3sito abrir un espacio de di\u00e1logo y reflexi\u00f3n, donde las y los participantes puedan compartir experiencias, inquietudes y estrategias para el cuidado emocional, as\u00ed como conocer los recursos disponibles en la comunidad que brindan acompa\u00f1amiento y apoyo profesional en temas de salud mental. Con esta iniciativa, el Gobierno Municipal reafirma su compromiso con el desarrollo integral de la juventud camarguense, promoviendo la empat\u00eda, la escucha y la b\u00fasqueda de ayuda profesional como herramientas clave para fortalecer la salud emocional y el bienestar social.<\/p>\n","protected":false},"author":2,"featured_media":18109,"comment_status":"open","ping_status":"open","sticky":false,"template":"","format":"standard","meta":{"_monsterinsights_skip_tracking":false,"_monsterinsights_sitenote_active":false,"_monsterinsights_sitenote_note":"","_monsterinsights_sitenote_category":0,"advanced_seo_description":"","jetpack_seo_html_title":"","jetpack_seo_noindex":false,"_jetpack_memberships_contains_paid_content":false,"footnotes":"","jetpack_publicize_message":"","jetpack_publicize_feature_enabled":true,"jetpack_social_post_already_shared":true,"jetpack_social_options":{"image_generator_settings":{"template":"highway","enabled":false},"version":2}},"categories":[8,135,11],"tags":[],"class_list":["post-18108","post","type-post","status-publish","format-standard","has-post-thumbnail","hentry","category-estado","category-lo-mas-leido","category-principal"],"jetpack_publicize_connections":[],"jetpack_sharing_enabled":true,"jetpack_featured_media_url":"https:\/\/i0.wp.com\/alcierrenoticias.com\/wp-content\/uploads\/2025\/10\/WhatsApp-Image-2025-10-09-at-2.50.22-PM-1-e1760126533425.jpeg?fit=500%2C261&ssl=1","amp_enabled":true,"_links":{"self":[{"href":"https:\/\/alcierrenoticias.com\/index.php\/wp-json\/wp\/v2\/posts\/18108","targetHints":{"allow":["GET"]}}],"collection":[{"href":"https:\/\/alcierrenoticias.com\/index.php\/wp-json\/wp\/v2\/posts"}],"about":[{"href":"https:\/\/alcierrenoticias.com\/index.php\/wp-json\/wp\/v2\/types\/post"}],"author":[{"embeddable":true,"href":"https:\/\/alcierrenoticias.com\/index.php\/wp-json\/wp\/v2\/users\/2"}],"replies":[{"embeddable":true,"href":"https:\/\/alcierrenoticias.com\/index.php\/wp-json\/wp\/v2\/comments?post=18108"}],"version-history":[{"count":1,"href":"https:\/\/alcierrenoticias.com\/index.php\/wp-json\/wp\/v2\/posts\/18108\/revisions"}],"predecessor-version":[{"id":18110,"href":"https:\/\/alcierrenoticias.com\/index.php\/wp-json\/wp\/v2\/posts\/18108\/revisions\/18110"}],"wp:featuredmedia":[{"embeddable":true,"href":"https:\/\/alcierrenoticias.com\/index.php\/wp-json\/wp\/v2\/media\/18109"}],"wp:attachment":[{"href":"https:\/\/alcierrenoticias.com\/index.php\/wp-json\/wp\/v2\/media?parent=18108"}],"wp:term":[{"taxonomy":"category","embeddable":true,"href":"https:\/\/alcierrenoticias.com\/index.php\/wp-json\/wp\/v2\/categories?post=18108"},{"taxonomy":"post_tag","embeddable":true,"href":"https:\/\/alcierrenoticias.com\/index.php\/wp-json\/wp\/v2\/tags?post=18108"}],"curies":[{"name":"wp","href":"https:\/\/api.w.org\/{rel}","templated":true}]}}