{"id":18104,"date":"2025-10-09T15:05:57","date_gmt":"2025-10-09T21:05:57","guid":{"rendered":"https:\/\/alcierrenoticias.com\/?p=18104"},"modified":"2025-10-10T13:57:55","modified_gmt":"2025-10-10T19:57:55","slug":"delicias-es-sede-del-primer-foro-que-impulsa-la-alianza-para-fortalecer-a-las-organizaciones-civiles-de-chihuahua","status":"publish","type":"post","link":"https:\/\/alcierrenoticias.com\/index.php\/2025\/10\/09\/delicias-es-sede-del-primer-foro-que-impulsa-la-alianza-para-fortalecer-a-las-organizaciones-civiles-de-chihuahua\/","title":{"rendered":"Delicias es sede del Primer Foro que impulsa la alianza para fortalecer a las organizaciones civiles de Chihuahua."},"content":{"rendered":"<p>Se realiza el Primer Foro del Programa JASP 2025\u20132027 \u201cMaximizando Impactos\u201d en coordinaci\u00f3n con el Gobierno del Estado y la Junta de Asistencia Social Privada.<\/p>\n<p>En un hecho que reafirma el liderazgo de Delicias en participaci\u00f3n ciudadana y colaboraci\u00f3n social, se llev\u00f3 a cabo el Primer Foro para las Organizaciones de la Sociedad Civil, con el que inicia el Programa JASP 2025\u20132027 \u201cMaximizando Impactos\u201d, impulsado por la Junta de Asistencia Social Privada del Estado de Chihuahua, la Direcci\u00f3n de Desarrollo Humano y Bien Com\u00fan, y el Centro para la Profesionalizaci\u00f3n de la Sociedad Civil A.C.<\/p>\n<p>El evento reuni\u00f3 a m\u00e1s de 100 representantes de asociaciones civiles provenientes de distintos municipios del estado, quienes participaron en conferencias, paneles y sesiones de trabajo orientadas a fortalecer la vinculaci\u00f3n entre los sectores p\u00fablico y social.<\/p>\n<p>Durante su mensaje, Amparo Gonz\u00e1lez de la Garza, directora general de la Junta de Asistencia Social Privada, explic\u00f3 que este programa tiene como objetivo principal coordinar los esfuerzos de cuatro sectores clave \u2014organizaciones civiles, gobierno, fundaciones y fortalecedoras\u2014 para maximizar los impactos de los proyectos sociales. \u201cQueremos alinear los programas, compartir experiencias y optimizar recursos para lograr resultados m\u00e1s s\u00f3lidos y sostenibles en beneficio de las familias chihuahuenses\u201d, expres\u00f3.<\/p>\n<p>El presidente municipal Jes\u00fas Valenciano Garc\u00eda destac\u00f3 que no es casualidad que este primer foro se haya realizado en Delicias, una ciudad con una larga tradici\u00f3n de participaci\u00f3n social. \u201cEn Delicias llevamos la colaboraci\u00f3n en nuestro ADN. Aqu\u00ed los primeros hospitales, escuelas y carreteras nacieron del trabajo conjunto entre ciudadanos, patronatos y asociaciones. Por eso, tenerlos hoy aqu\u00ed es motivo de orgullo: seguimos escribiendo esa historia de uni\u00f3n y compromiso\u201d, se\u00f1al\u00f3.<\/p>\n<p>Valenciano Garc\u00eda subray\u00f3 que este tipo de encuentros fortalecen el intercambio de experiencias y conocimientos entre las organizaciones, lo que contribuye a la profesionalizaci\u00f3n del sector y a una atenci\u00f3n m\u00e1s eficiente a los grupos vulnerables. \u201cLa capacitaci\u00f3n y el trabajo en equipo son tan valiosos como los recursos econ\u00f3micos. Este foro nos une, nos forma y nos inspira a seguir construyendo una sociedad m\u00e1s solidaria\u201d, a\u00f1adi\u00f3.<\/p>\n<p>Con este primer foro, Delicias se consolida como sede de di\u00e1logo y colaboraci\u00f3n, promoviendo un modelo de desarrollo social basado en la participaci\u00f3n activa, la corresponsabilidad y el fortalecimiento institucional. El Programa \u201cMaximizando Impactos\u201d continuar\u00e1 en 2026 con foros en Ciudad Ju\u00e1rez, Chihuahua y Cuauht\u00e9moc, dando seguimiento a los acuerdos y l\u00edneas de acci\u00f3n definidas en esta jornada.<\/p>\n","protected":false},"excerpt":{"rendered":"<p>Se realiza el Primer Foro del Programa JASP 2025\u20132027 \u201cMaximizando Impactos\u201d en coordinaci\u00f3n con el Gobierno del Estado y la Junta de Asistencia Social Privada. En un hecho que reafirma el liderazgo de Delicias en participaci\u00f3n ciudadana y colaboraci\u00f3n social, se llev\u00f3 a cabo el Primer Foro para las Organizaciones de la Sociedad Civil, con el que inicia el Programa JASP 2025\u20132027 \u201cMaximizando Impactos\u201d, impulsado por la Junta de Asistencia Social Privada del Estado de Chihuahua, la Direcci\u00f3n de Desarrollo Humano y Bien Com\u00fan, y el Centro para la Profesionalizaci\u00f3n de la Sociedad Civil A.C. El evento reuni\u00f3 a m\u00e1s de 100 representantes de asociaciones civiles provenientes de distintos municipios del estado, quienes participaron en conferencias, paneles y sesiones de trabajo orientadas a fortalecer la vinculaci\u00f3n entre los sectores p\u00fablico y social. Durante su mensaje, Amparo Gonz\u00e1lez de la Garza, directora general de la Junta de Asistencia Social Privada, explic\u00f3 que este programa tiene como objetivo principal coordinar los esfuerzos de cuatro sectores clave \u2014organizaciones civiles, gobierno, fundaciones y fortalecedoras\u2014 para maximizar los impactos de los proyectos sociales. \u201cQueremos alinear los programas, compartir experiencias y optimizar recursos para lograr resultados m\u00e1s s\u00f3lidos y sostenibles en beneficio de las familias chihuahuenses\u201d, expres\u00f3. El presidente municipal Jes\u00fas Valenciano Garc\u00eda destac\u00f3 que no es casualidad que este primer foro se haya realizado en Delicias, una ciudad con una larga tradici\u00f3n de participaci\u00f3n social. \u201cEn Delicias llevamos la colaboraci\u00f3n en nuestro ADN. Aqu\u00ed los primeros hospitales, escuelas y carreteras nacieron del trabajo conjunto entre ciudadanos, patronatos y asociaciones. Por eso, tenerlos hoy aqu\u00ed es motivo de orgullo: seguimos escribiendo esa historia de uni\u00f3n y compromiso\u201d, se\u00f1al\u00f3. Valenciano Garc\u00eda subray\u00f3 que este tipo de encuentros fortalecen el intercambio de experiencias y conocimientos entre las organizaciones, lo que contribuye a la profesionalizaci\u00f3n del sector y a una atenci\u00f3n m\u00e1s eficiente a los grupos vulnerables. \u201cLa capacitaci\u00f3n y el trabajo en equipo son tan valiosos como los recursos econ\u00f3micos. Este foro nos une, nos forma y nos inspira a seguir construyendo una sociedad m\u00e1s solidaria\u201d, a\u00f1adi\u00f3. Con este primer foro, Delicias se consolida como sede de di\u00e1logo y colaboraci\u00f3n, promoviendo un modelo de desarrollo social basado en la participaci\u00f3n activa, la corresponsabilidad y el fortalecimiento institucional. El Programa \u201cMaximizando Impactos\u201d continuar\u00e1 en 2026 con foros en Ciudad Ju\u00e1rez, Chihuahua y Cuauht\u00e9moc, dando seguimiento a los acuerdos y l\u00edneas de acci\u00f3n definidas en esta jornada.<\/p>\n","protected":false},"author":2,"featured_media":18105,"comment_status":"open","ping_status":"open","sticky":false,"template":"","format":"standard","meta":{"_monsterinsights_skip_tracking":false,"_monsterinsights_sitenote_active":false,"_monsterinsights_sitenote_note":"","_monsterinsights_sitenote_category":0,"advanced_seo_description":"","jetpack_seo_html_title":"","jetpack_seo_noindex":false,"_jetpack_memberships_contains_paid_content":false,"footnotes":"","jetpack_publicize_message":"","jetpack_publicize_feature_enabled":true,"jetpack_social_post_already_shared":true,"jetpack_social_options":{"image_generator_settings":{"template":"highway","enabled":false},"version":2}},"categories":[135,7,11],"tags":[],"class_list":["post-18104","post","type-post","status-publish","format-standard","has-post-thumbnail","hentry","category-lo-mas-leido","category-local","category-principal"],"jetpack_publicize_connections":[],"jetpack_sharing_enabled":true,"jetpack_featured_media_url":"https:\/\/i0.wp.com\/alcierrenoticias.com\/wp-content\/uploads\/2025\/10\/WhatsApp-Image-2025-10-09-at-2.43.29-PM.jpeg?fit=1280%2C854&ssl=1","amp_enabled":true,"_links":{"self":[{"href":"https:\/\/alcierrenoticias.com\/index.php\/wp-json\/wp\/v2\/posts\/18104","targetHints":{"allow":["GET"]}}],"collection":[{"href":"https:\/\/alcierrenoticias.com\/index.php\/wp-json\/wp\/v2\/posts"}],"about":[{"href":"https:\/\/alcierrenoticias.com\/index.php\/wp-json\/wp\/v2\/types\/post"}],"author":[{"embeddable":true,"href":"https:\/\/alcierrenoticias.com\/index.php\/wp-json\/wp\/v2\/users\/2"}],"replies":[{"embeddable":true,"href":"https:\/\/alcierrenoticias.com\/index.php\/wp-json\/wp\/v2\/comments?post=18104"}],"version-history":[{"count":2,"href":"https:\/\/alcierrenoticias.com\/index.php\/wp-json\/wp\/v2\/posts\/18104\/revisions"}],"predecessor-version":[{"id":18107,"href":"https:\/\/alcierrenoticias.com\/index.php\/wp-json\/wp\/v2\/posts\/18104\/revisions\/18107"}],"wp:featuredmedia":[{"embeddable":true,"href":"https:\/\/alcierrenoticias.com\/index.php\/wp-json\/wp\/v2\/media\/18105"}],"wp:attachment":[{"href":"https:\/\/alcierrenoticias.com\/index.php\/wp-json\/wp\/v2\/media?parent=18104"}],"wp:term":[{"taxonomy":"category","embeddable":true,"href":"https:\/\/alcierrenoticias.com\/index.php\/wp-json\/wp\/v2\/categories?post=18104"},{"taxonomy":"post_tag","embeddable":true,"href":"https:\/\/alcierrenoticias.com\/index.php\/wp-json\/wp\/v2\/tags?post=18104"}],"curies":[{"name":"wp","href":"https:\/\/api.w.org\/{rel}","templated":true}]}}