{"id":18096,"date":"2025-10-09T12:05:04","date_gmt":"2025-10-09T18:05:04","guid":{"rendered":"https:\/\/alcierrenoticias.com\/?p=18096"},"modified":"2025-10-10T13:46:59","modified_gmt":"2025-10-10T19:46:59","slug":"arranca-municipio-limpieza-del-panteon-municipal-en-camargo","status":"publish","type":"post","link":"https:\/\/alcierrenoticias.com\/index.php\/2025\/10\/09\/arranca-municipio-limpieza-del-panteon-municipal-en-camargo\/","title":{"rendered":"Arranca municipio limpieza del Pante\u00f3n Municipal en Camargo."},"content":{"rendered":"<p>El Gobierno Municipal de Camargo, a trav\u00e9s del departamento de Servicios Municipales, dio inicio a las labores de limpieza y mantenimiento en el Pante\u00f3n Municipal, con el objetivo de tener en \u00f3ptimas condiciones el lugar previo a la celebraci\u00f3n del D\u00eda de Muertos.<\/p>\n<p>Las cuadrillas de trabajadores ya se encuentran realizando trabajos de deshierbe, recolecci\u00f3n de basura, barrido y limpieza general en los distintos sectores del pante\u00f3n, para ofrecer a las familias camarguenses un espacio digno y ordenado durante las visitas que tradicionalmente se realizan los d\u00edas 1 y 2 de noviembre.<br \/>\nEl presidente municipal, Jorge Aldana, destac\u00f3 que estas acciones forman parte del compromiso permanente de mantener los espacios p\u00fablicos limpios y seguros, especialmente aquellos que tienen un valor sentimental y cultural para las familias.<\/p>\n<p>\u201cQueremos que las personas que acuden a visitar a sus seres queridos encuentren un pante\u00f3n limpio y en buenas condiciones; por eso iniciamos estos trabajos con anticipaci\u00f3n\u201d, expres\u00f3.<\/p>\n<p>El Gobierno Municipal de Camargo invita a la ciudadan\u00eda a colaborar evitando dejar basura en los pasillos y respetando las \u00e1reas comunes durante los d\u00edas de visita.<\/p>\n","protected":false},"excerpt":{"rendered":"<p>El Gobierno Municipal de Camargo, a trav\u00e9s del departamento de Servicios Municipales, dio inicio a las labores de limpieza y mantenimiento en el Pante\u00f3n Municipal, con el objetivo de tener en \u00f3ptimas condiciones el lugar previo a la celebraci\u00f3n del D\u00eda de Muertos. Las cuadrillas de trabajadores ya se encuentran realizando trabajos de deshierbe, recolecci\u00f3n de basura, barrido y limpieza general en los distintos sectores del pante\u00f3n, para ofrecer a las familias camarguenses un espacio digno y ordenado durante las visitas que tradicionalmente se realizan los d\u00edas 1 y 2 de noviembre. El presidente municipal, Jorge Aldana, destac\u00f3 que estas acciones forman parte del compromiso permanente de mantener los espacios p\u00fablicos limpios y seguros, especialmente aquellos que tienen un valor sentimental y cultural para las familias. \u201cQueremos que las personas que acuden a visitar a sus seres queridos encuentren un pante\u00f3n limpio y en buenas condiciones; por eso iniciamos estos trabajos con anticipaci\u00f3n\u201d, expres\u00f3. El Gobierno Municipal de Camargo invita a la ciudadan\u00eda a colaborar evitando dejar basura en los pasillos y respetando las \u00e1reas comunes durante los d\u00edas de visita.<\/p>\n","protected":false},"author":2,"featured_media":18097,"comment_status":"open","ping_status":"open","sticky":false,"template":"","format":"standard","meta":{"_monsterinsights_skip_tracking":false,"_monsterinsights_sitenote_active":false,"_monsterinsights_sitenote_note":"","_monsterinsights_sitenote_category":0,"advanced_seo_description":"","jetpack_seo_html_title":"","jetpack_seo_noindex":false,"_jetpack_memberships_contains_paid_content":false,"footnotes":"","jetpack_publicize_message":"","jetpack_publicize_feature_enabled":true,"jetpack_social_post_already_shared":true,"jetpack_social_options":{"image_generator_settings":{"template":"highway","enabled":false},"version":2}},"categories":[8,135,11],"tags":[],"class_list":["post-18096","post","type-post","status-publish","format-standard","has-post-thumbnail","hentry","category-estado","category-lo-mas-leido","category-principal"],"jetpack_publicize_connections":[],"jetpack_sharing_enabled":true,"jetpack_featured_media_url":"https:\/\/i0.wp.com\/alcierrenoticias.com\/wp-content\/uploads\/2025\/10\/WhatsApp-Image-2025-10-09-at-11.48.47-AM.jpeg?fit=1600%2C1066&ssl=1","amp_enabled":true,"_links":{"self":[{"href":"https:\/\/alcierrenoticias.com\/index.php\/wp-json\/wp\/v2\/posts\/18096","targetHints":{"allow":["GET"]}}],"collection":[{"href":"https:\/\/alcierrenoticias.com\/index.php\/wp-json\/wp\/v2\/posts"}],"about":[{"href":"https:\/\/alcierrenoticias.com\/index.php\/wp-json\/wp\/v2\/types\/post"}],"author":[{"embeddable":true,"href":"https:\/\/alcierrenoticias.com\/index.php\/wp-json\/wp\/v2\/users\/2"}],"replies":[{"embeddable":true,"href":"https:\/\/alcierrenoticias.com\/index.php\/wp-json\/wp\/v2\/comments?post=18096"}],"version-history":[{"count":2,"href":"https:\/\/alcierrenoticias.com\/index.php\/wp-json\/wp\/v2\/posts\/18096\/revisions"}],"predecessor-version":[{"id":18099,"href":"https:\/\/alcierrenoticias.com\/index.php\/wp-json\/wp\/v2\/posts\/18096\/revisions\/18099"}],"wp:featuredmedia":[{"embeddable":true,"href":"https:\/\/alcierrenoticias.com\/index.php\/wp-json\/wp\/v2\/media\/18097"}],"wp:attachment":[{"href":"https:\/\/alcierrenoticias.com\/index.php\/wp-json\/wp\/v2\/media?parent=18096"}],"wp:term":[{"taxonomy":"category","embeddable":true,"href":"https:\/\/alcierrenoticias.com\/index.php\/wp-json\/wp\/v2\/categories?post=18096"},{"taxonomy":"post_tag","embeddable":true,"href":"https:\/\/alcierrenoticias.com\/index.php\/wp-json\/wp\/v2\/tags?post=18096"}],"curies":[{"name":"wp","href":"https:\/\/api.w.org\/{rel}","templated":true}]}}