{"id":18084,"date":"2025-10-09T08:36:55","date_gmt":"2025-10-09T14:36:55","guid":{"rendered":"https:\/\/alcierrenoticias.com\/?p=18084"},"modified":"2025-10-10T13:38:44","modified_gmt":"2025-10-10T19:38:44","slug":"memorias-del-fogon-llega-a-delicias-con-chefs-de-talla-internacional-valenciano","status":"publish","type":"post","link":"https:\/\/alcierrenoticias.com\/index.php\/2025\/10\/09\/memorias-del-fogon-llega-a-delicias-con-chefs-de-talla-internacional-valenciano\/","title":{"rendered":"Memorias del Fog\u00f3n llega a Delicias con chefs de talla internacional; Valenciano."},"content":{"rendered":"<p>El presidente municipal Jes\u00fas Valenciano Garc\u00eda anunci\u00f3 una serie de actividades que fortalecer\u00e1n la identidad y el orgullo cultural de Delicias, destacando la realizaci\u00f3n del evento \u201cMemorias del Fog\u00f3n\u201d, que reunir\u00e1 a reconocidos chefs de cocina tradicional mexicana. \u201cEste fin de semana se lleva a cabo un evento importante para nuestra ciudad que esperamos se convierta en una tradici\u00f3n\u201d, expres\u00f3 el alcalde.<\/p>\n<p>Valenciano Garc\u00eda inform\u00f3 que el encuentro gastron\u00f3mico iniciar\u00e1 este viernes a las 6 de la tarde en el Centro de Exposiciones y Convenciones, donde participar\u00e1n chefs con reconocimientos internacionales en Dub\u00e1i, Jap\u00f3n, Turqu\u00eda y Estados Unidos. Subray\u00f3 adem\u00e1s el papel de la chef deliciense Rosa Beltr\u00e1n del R\u00edo, quien ha sido punta de lanza en la difusi\u00f3n de la cocina mexicana en el mundo. \u201cSer\u00e1 una aventura excepcional poder compartir con ellos, escuchar sus historias y rescatar esas recetas que nos llenan de orgullo\u201d, mencion\u00f3.<\/p>\n<p>El presidente municipal destac\u00f3 que tras \u201cMemorias del Fog\u00f3n\u201d se desarrollar\u00e1 el tradicional festival \u201cLas Delicias de la Muerte\u201d, organizado por el \u00e1rea de Cultura bajo la coordinaci\u00f3n de Mario Guill\u00e9n. Este evento, dijo, \u201cnos ayuda a resaltar los valores m\u00e1s mexicanos, a trav\u00e9s del arte, la creatividad y el trabajo de nuestra gente\u201d.<\/p>\n<p>Asimismo, anunci\u00f3 que continuara con un evento que se realizar\u00e1 el 1 de noviembre en el Museo del Desierto, donde participar\u00e1n 14 casas vin\u00edcolas nacionales e internacionales. \u201cSer\u00e1 una gran oportunidad para revivir la historia vitivin\u00edcola de nuestra regi\u00f3n, aquella que dio origen al famoso Brandy Dorado, cuya imagen lleg\u00f3 a ser Pedro Infante\u201d, record\u00f3 el edil.<\/p>\n","protected":false},"excerpt":{"rendered":"<p>El presidente municipal Jes\u00fas Valenciano Garc\u00eda anunci\u00f3 una serie de actividades que fortalecer\u00e1n la identidad y el orgullo cultural de Delicias, destacando la realizaci\u00f3n del evento \u201cMemorias del Fog\u00f3n\u201d, que reunir\u00e1 a reconocidos chefs de cocina tradicional mexicana. \u201cEste fin de semana se lleva a cabo un evento importante para nuestra ciudad que esperamos se convierta en una tradici\u00f3n\u201d, expres\u00f3 el alcalde. Valenciano Garc\u00eda inform\u00f3 que el encuentro gastron\u00f3mico iniciar\u00e1 este viernes a las 6 de la tarde en el Centro de Exposiciones y Convenciones, donde participar\u00e1n chefs con reconocimientos internacionales en Dub\u00e1i, Jap\u00f3n, Turqu\u00eda y Estados Unidos. Subray\u00f3 adem\u00e1s el papel de la chef deliciense Rosa Beltr\u00e1n del R\u00edo, quien ha sido punta de lanza en la difusi\u00f3n de la cocina mexicana en el mundo. \u201cSer\u00e1 una aventura excepcional poder compartir con ellos, escuchar sus historias y rescatar esas recetas que nos llenan de orgullo\u201d, mencion\u00f3. El presidente municipal destac\u00f3 que tras \u201cMemorias del Fog\u00f3n\u201d se desarrollar\u00e1 el tradicional festival \u201cLas Delicias de la Muerte\u201d, organizado por el \u00e1rea de Cultura bajo la coordinaci\u00f3n de Mario Guill\u00e9n. Este evento, dijo, \u201cnos ayuda a resaltar los valores m\u00e1s mexicanos, a trav\u00e9s del arte, la creatividad y el trabajo de nuestra gente\u201d. Asimismo, anunci\u00f3 que continuara con un evento que se realizar\u00e1 el 1 de noviembre en el Museo del Desierto, donde participar\u00e1n 14 casas vin\u00edcolas nacionales e internacionales. \u201cSer\u00e1 una gran oportunidad para revivir la historia vitivin\u00edcola de nuestra regi\u00f3n, aquella que dio origen al famoso Brandy Dorado, cuya imagen lleg\u00f3 a ser Pedro Infante\u201d, record\u00f3 el edil.<\/p>\n","protected":false},"author":2,"featured_media":18085,"comment_status":"open","ping_status":"open","sticky":false,"template":"","format":"standard","meta":{"_monsterinsights_skip_tracking":false,"_monsterinsights_sitenote_active":false,"_monsterinsights_sitenote_note":"","_monsterinsights_sitenote_category":0,"advanced_seo_description":"","jetpack_seo_html_title":"","jetpack_seo_noindex":false,"_jetpack_memberships_contains_paid_content":false,"footnotes":"","jetpack_publicize_message":"","jetpack_publicize_feature_enabled":true,"jetpack_social_post_already_shared":true,"jetpack_social_options":{"image_generator_settings":{"template":"highway","enabled":false},"version":2}},"categories":[135,7,11],"tags":[],"class_list":["post-18084","post","type-post","status-publish","format-standard","has-post-thumbnail","hentry","category-lo-mas-leido","category-local","category-principal"],"jetpack_publicize_connections":[],"jetpack_sharing_enabled":true,"jetpack_featured_media_url":"https:\/\/i0.wp.com\/alcierrenoticias.com\/wp-content\/uploads\/2025\/10\/WhatsApp-Image-2025-10-09-at-8.33.39-AM.jpeg?fit=1280%2C854&ssl=1","amp_enabled":true,"_links":{"self":[{"href":"https:\/\/alcierrenoticias.com\/index.php\/wp-json\/wp\/v2\/posts\/18084","targetHints":{"allow":["GET"]}}],"collection":[{"href":"https:\/\/alcierrenoticias.com\/index.php\/wp-json\/wp\/v2\/posts"}],"about":[{"href":"https:\/\/alcierrenoticias.com\/index.php\/wp-json\/wp\/v2\/types\/post"}],"author":[{"embeddable":true,"href":"https:\/\/alcierrenoticias.com\/index.php\/wp-json\/wp\/v2\/users\/2"}],"replies":[{"embeddable":true,"href":"https:\/\/alcierrenoticias.com\/index.php\/wp-json\/wp\/v2\/comments?post=18084"}],"version-history":[{"count":2,"href":"https:\/\/alcierrenoticias.com\/index.php\/wp-json\/wp\/v2\/posts\/18084\/revisions"}],"predecessor-version":[{"id":18087,"href":"https:\/\/alcierrenoticias.com\/index.php\/wp-json\/wp\/v2\/posts\/18084\/revisions\/18087"}],"wp:featuredmedia":[{"embeddable":true,"href":"https:\/\/alcierrenoticias.com\/index.php\/wp-json\/wp\/v2\/media\/18085"}],"wp:attachment":[{"href":"https:\/\/alcierrenoticias.com\/index.php\/wp-json\/wp\/v2\/media?parent=18084"}],"wp:term":[{"taxonomy":"category","embeddable":true,"href":"https:\/\/alcierrenoticias.com\/index.php\/wp-json\/wp\/v2\/categories?post=18084"},{"taxonomy":"post_tag","embeddable":true,"href":"https:\/\/alcierrenoticias.com\/index.php\/wp-json\/wp\/v2\/tags?post=18084"}],"curies":[{"name":"wp","href":"https:\/\/api.w.org\/{rel}","templated":true}]}}